{"id":7059,"date":"2024-03-01T09:08:08","date_gmt":"2024-03-01T09:08:08","guid":{"rendered":"https:\/\/www.savigny-viry-catholique.fr\/?p=7059"},"modified":"2024-03-01T09:08:08","modified_gmt":"2024-03-01T09:08:08","slug":"careme-2024-avec-le-ccfd","status":"publish","type":"post","link":"https:\/\/demos.uptitude.fr\/savviry1\/careme-2024-avec-le-ccfd\/","title":{"rendered":"Car\u00eame 2024 avec le CCFD"},"content":{"rendered":"<p>\u00ab Donner, c\u2019est mettre sa foi en actes par le partage \u00bb &#8211; Dimanche 17 mars aura lieu la journ\u00e9e nationale du CCFD-Terre Solidaire. &#8230;\/&#8230;<\/p>\n<p><!--more--><\/p>\n<p>&nbsp;<\/p>\n<p><span style=\"color: #0000ff;\"><strong><span style=\"font-size: 20px;\">Les 16 et 17 mars 2024, \u00e0 l\u2019occasion du 5e dimanche de Car\u00eame, le Comit\u00e9 Catholique contre la Faim et pour le D\u00e9veloppement lance sa journ\u00e9e de collecte annuelle.\u00a0<\/span><\/strong><\/span><\/p>\n<p><span style=\"font-size: 16px;\"><img fetchpriority=\"high\" decoding=\"async\" class=\"alignleft wp-image-7061\" src=\"https:\/\/www.savigny-viry-catholique.fr\/wp-content\/uploads\/2024\/03\/CCFD2024-affiche-130-c19f4-250x300.jpg\" alt=\"\" width=\"350\" height=\"420\" \/>Une qu\u00eate aura lieu ce jourl\u00e0 dans les paroisses. Sous l\u2019\u00e9gide de la Conf\u00e9rence des \u00e9v\u00eaques de France, le CCFD regroupe 29 mouvements et services d\u2019\u00c9glise, avec des \u00e9quipes de b\u00e9n\u00e9voles sur le terrain, qui agissent dans le domaine de la solidarit\u00e9 internationale. Ici et l\u00e0-bas, dans les pays les plus pauvres, ils ont besoin de notre soutien et de nos dons.<\/span><br \/>\n<span style=\"font-size: 16px;\">Les ressources du CCFD-Terre Solidaire viennent essentiellement de vos dons. Leur utilisation est bien \u00e0 l\u2019image du grain mis en terre : les actions de nos partenaires, accompagn\u00e9s par nos \u00e9quipes, portent leurs fruits \u00e0 moyen et long terme, notamment pour lutter contre la faim qui touche encore 1 humain sur 10.<\/span><br \/>\n<span style=\"font-size: 16px;\">Cette ann\u00e9e, l\u2019accent est mis sur la justice \u00e9conomique : pour que l\u2019\u00e9conomie permette un meilleur partage des richesses, une protection des droits fondamentaux et de l\u2019environnement.<\/span><br \/>\n<span style=\"font-size: 16px;\">En Essonne, une douzaine d\u2019\u00e9quipes \u0153uvrent tout au long de l\u2019ann\u00e9e pour faire conna\u00eetre le CCFD-Terre solidaire, quelques exemples pendant le Car\u00eame :<\/span><br \/>\n<span style=\"font-size: 16px;\">\u2013 Interventions aupr\u00e8s des adultes (organisation de soir\u00e9es-d\u00e9bat autour d\u2019un th\u00e8me, ou d\u2019un film (le 6 juin \u00e0 Verri\u00e8res le Buisson : La mal\u00e9diction des ressources, dimanche 10 \u00e0 \u00c9vry l\u2019illusion de l\u2019abondance, \u2026)<\/span><br \/>\n<span style=\"font-size: 16px;\">\u2013 Sensibilisation de jeunes du cat\u00e9, de l\u2019aum\u00f4nerie ou des scouts.<\/span><br \/>\n<span style=\"font-size: 16px;\">\u2013 Participation aux \u00e9quipes \u00ab \u00c9glise verte \u00bb<\/span><br \/>\n<span style=\"font-size: 16px;\">\u2013 \u00c0 d\u2019autres moments de l\u2019ann\u00e9e, et pas cantonn\u00e9 \u00ab en \u00c9glise \u00bb, \u00eatre pr\u00e9sent et agir chaque fois que c\u2019est possible.<\/span><br \/>\n<span style=\"font-size: 16px;\">\u2013 Participation avec d\u2019autres associations locales au FESTISOL en novembre (Orsay) ; projection publique de films du Festival Alimentaire.<\/span><br \/>\n<span style=\"font-size: 16px;\">\u2013 Visite d\u2019un partenaire soutenu par le CCFD \u2013 Terre solidaire (une association indienne en novembre 2023 \u00e0 Saclay)<\/span><br \/>\n<span style=\"font-size: 16px;\">\u2013 Lutter contre les causes de la faim, c\u2019est aussi agir aupr\u00e8s des \u00e9lus, les sensibiliser et les convaincre de voter des lois pour faire advenir la Justice \u00e9conomique (des \u00e9quipes vont se mettre en place pour rencontrer les candidats aux \u00e9lections europ\u00e9ennes de juin) : c\u2019est ce qu\u2019on appelle \u00ab le plaidoyer \u00bb.<\/span><br \/>\n<span style=\"font-size: 16px;\">Pour renforcer nos \u00e9quipes locales ou pour nous aider ponctuellement avec vos convictions et vos talents, venez nous rejoindre et contactez-nous <span style=\"font-size: 20px; color: #ff6600;\"><em><strong>ccfd91@ccfd-terresolidaire.org<\/strong><\/em> <\/span>. En ce temps de Car\u00eame, donner c\u2019est mettre sa foi en actes par le partage.<\/span><\/p>\n<p>&nbsp;<\/p>\n<p><a href=\"https:\/\/ccfd-terresolidaire.org\/\"><span style=\"font-size: 20px;\"><strong><span style=\"color: #0000ff;\">Site du CCFD : https:\/\/ccfd-terresolidaire.org\/<\/span><\/strong><\/span><\/a><\/p>\n","protected":false},"excerpt":{"rendered":"<p>\u00ab Donner, c\u2019est mettre sa foi en actes par le partage \u00bb &#8211; Dimanche 17 mars aura lieu la journ\u00e9e nationale du CCFD-Terre Solidaire. &#8230;\/&#8230;<\/p>\n","protected":false},"author":990003,"featured_media":7062,"comment_status":"closed","ping_status":"closed","sticky":false,"template":"","format":"standard","meta":{"give_campaign_id":0,"footnotes":""},"categories":[1],"tags":[],"class_list":["post-7059","post","type-post","status-publish","format-standard","has-post-thumbnail","hentry","category-uncategorized"],"_links":{"self":[{"href":"https:\/\/demos.uptitude.fr\/savviry1\/wp-json\/wp\/v2\/posts\/7059","targetHints":{"allow":["GET"]}}],"collection":[{"href":"https:\/\/demos.uptitude.fr\/savviry1\/wp-json\/wp\/v2\/posts"}],"about":[{"href":"https:\/\/demos.uptitude.fr\/savviry1\/wp-json\/wp\/v2\/types\/post"}],"author":[{"embeddable":true,"href":"https:\/\/demos.uptitude.fr\/savviry1\/wp-json\/wp\/v2\/users\/990003"}],"replies":[{"embeddable":true,"href":"https:\/\/demos.uptitude.fr\/savviry1\/wp-json\/wp\/v2\/comments?post=7059"}],"version-history":[{"count":0,"href":"https:\/\/demos.uptitude.fr\/savviry1\/wp-json\/wp\/v2\/posts\/7059\/revisions"}],"wp:featuredmedia":[{"embeddable":true,"href":"https:\/\/demos.uptitude.fr\/savviry1\/wp-json\/"}],"wp:attachment":[{"href":"https:\/\/demos.uptitude.fr\/savviry1\/wp-json\/wp\/v2\/media?parent=7059"}],"wp:term":[{"taxonomy":"category","embeddable":true,"href":"https:\/\/demos.uptitude.fr\/savviry1\/wp-json\/wp\/v2\/categories?post=7059"},{"taxonomy":"post_tag","embeddable":true,"href":"https:\/\/demos.uptitude.fr\/savviry1\/wp-json\/wp\/v2\/tags?post=7059"}],"curies":[{"name":"wp","href":"https:\/\/api.w.org\/{rel}","templated":true}]}}