{"id":7068,"date":"2024-03-31T17:25:24","date_gmt":"2024-03-31T17:25:24","guid":{"rendered":"https:\/\/www.savigny-viry-catholique.fr\/?p=7068"},"modified":"2024-03-31T17:25:24","modified_gmt":"2024-03-31T17:25:24","slug":"un-centenaire-dans-le-secteur-pastoral","status":"publish","type":"post","link":"https:\/\/demos.uptitude.fr\/savviry1\/un-centenaire-dans-le-secteur-pastoral\/","title":{"rendered":"Un centenaire dans le secteur pastoral"},"content":{"rendered":"<p>Il y a 75 ans \u00bd (le 14 ao\u00fbt 1948), un jeune pr\u00eatre de 24 ans \u00bd est nomm\u00e9 \u00e0 Savigny-sur-Orge pour sa toute premi\u00e8re affectation &#8230;\/&#8230;<\/p>\n<p><!--more--><\/p>\n<p><span style=\"font-size: 20px;\"><strong><span style=\"color: #ff6600;\">LE 26 MARS 2024, LE PERE JACQUES PE\u00a0 FETE SES\u00a0 100 ANS\u00a0<\/span><\/strong><\/span><\/p>\n<p><span style=\"font-size: 20px;\"><img fetchpriority=\"high\" decoding=\"async\" class=\"size-medium wp-image-7070 alignleft\" src=\"https:\/\/www.savigny-viry-catholique.fr\/wp-content\/uploads\/2024\/03\/Mgr-jacquesPe-V2-236x300.jpg\" alt=\"\" width=\"236\" height=\"300\" \/><\/span><\/p>\n<p>&nbsp;<\/p>\n<p style=\"text-align: justify;\"><span style=\"font-size: 20px;\">Il y a 75 ans \u00bd (le 14 ao\u00fbt 1948), un jeune pr\u00eatre de 24 ans \u00bd est nomm\u00e9 \u00e0 Savigny-sur-Orge pour sa toute premi\u00e8re affectation \u00e0 l\u2019\u00e9glise Sainte-Th\u00e9r\u00e8se.<\/span><br \/>\n<span style=\"font-size: 20px;\">Le P\u00e8re Jacques P\u00e9 arrive \u00e0 v\u00e9lo, en soutane noire, le porte-bagages bien charg\u00e9 avec, \u00e0 l\u2019arri\u00e8re une valise, \u00e0 l\u2019avant un carton et sur le dos un sac tyrolien bien rempli.<\/span><br \/>\n<span style=\"font-size: 20px;\">C\u2019est le commencement du chemin \u2026 un tr\u00e8s long chemin qui lui fait parcourir la banlieue parisienne tout au long de son sacerdoce : de Savigny-sur-Orge \u00e0 Argenteuil puis Garches, Villeneuve-Saint-Georges, <\/span><span style=\"font-size: 20px;\">Saint-Germain-en-Laye pour arriver dans le tout nouveau d\u00e9partement de l\u2019Essonne en 1970 \u00e0 Massy puis Grigny (Grande Borne), Les Ulis et enfin Viry-Ch\u00e2tillon pendant 15 ann\u00e9es.<\/span><br \/>\n<span style=\"font-size: 20px;\">Son parcours lui fait conna\u00eetre divers milieux sur un territoire alors en plein essor (dont la jeunesse ouvri\u00e8re et les migrants) \u2026 Il laisse sur son passage des traces ind\u00e9l\u00e9biles de bienveillance et de compr\u00e9hension envers tous, croyants ou non croyants.<\/span><br \/>\n<span style=\"font-size: 20px;\">Au Foyer Lucien Midol de Savigny-sur-Orge o\u00f9 il r\u00e9side depuis 2014, il continue son chemin pastoral tout en r\u00e9digeant ses m\u00e9moires dans un esprit de transmission et de partage.<\/span><br \/>\n<span style=\"font-size: 20px;\">C\u2019est l\u00e0 que le 26 mars prochain, le P\u00e8re Jacques se pr\u00e9pare \u00e0 f\u00eater ses 100 ans<\/span> .<\/p>\n<p>&nbsp;<\/p>\n<p><span style=\"color: #ff6600;\"><strong><span style=\"font-size: 20px;\">Il est pr\u00e9vu qu\u2019il soit mis \u00e0 l\u2019honneur :<\/span><\/strong><\/span><br \/>\n<span style=\"color: #000000; background-color: #ccffcc;\"><span style=\"font-size: 20px; background-color: #ccffcc;\">\u2013 \u00e0 Savigny-sur-Orge <strong>en l\u2019\u00e9glise Sainte-Th\u00e9r\u00e8se,<\/strong> <strong>dimanche 14 avril \u00e0 11h<\/strong> lors d\u2019une <\/span><span style=\"font-size: 20px; background-color: #ccffcc;\">messe d\u2019action de gr\u00e2ce pr\u00e9sid\u00e9e par Michel Pansard, \u00e9v\u00eaque du dioc\u00e8se, c\u00e9r\u00e9monie suivie d\u2019un repas <\/span><span style=\"font-size: 20px; background-color: #ccffcc;\">partag\u00e9 et de diverses animations (sur inscription dans la limite des places disponibles).<\/span><\/span><\/p>\n<p><span style=\"color: #000000; background-color: #ccffcc;\"><span style=\"font-size: 20px; background-color: #ccffcc;\">\u2013 \u00e0 Viry,<strong> \u00e0 l\u2019\u00e9glise Sainte-Bernadette, dimanche 28 avril \u00e0 10h30<\/strong> pendant et apr\u00e8s la messe en plein <\/span><span style=\"font-size: 20px; background-color: #ccffcc;\">air \u00e0 l\u2019occasion de la kermesse 2024.<img decoding=\"async\" class=\"alignright wp-image-7073\" src=\"https:\/\/www.savigny-viry-catholique.fr\/wp-content\/uploads\/2024\/03\/Mgr-jacques_Pe.jpg\" alt=\"\" width=\"200\" height=\"267\" \/><\/span><\/span><\/p>\n<p>&nbsp;<\/p>\n<p><span style=\"font-size: 20px;\"><strong><span style=\"color: #ff0000;\">Le Secteur Pastoral de Savigny-Viry ouvre <a href=\"https:\/\/www.helloasso.com\/associations\/adece-secteur-savigny-viry\/formulaires\/1\"><span style=\"color: #0000ff;\">une cagnotte<\/span><\/a> pour ceux qui souhaitent participer \u00e0 l\u2019organisation de ce jubil\u00e9 et pour offrir un cadeau d\u2019anniversaire pour les 100 ans de Mgr Jacques P\u00e9.<\/span><\/strong><\/span><\/p>\n<p><a href=\"https:\/\/www.helloasso.com\/associations\/adece-secteur-savigny-viry\/formulaires\/1\"><span style=\"color: #0000ff;\"><strong><span style=\"font-size: 20px;\">CLIQUEZ\u00a0 ICI<\/span><\/strong><\/span><\/a><\/p>\n<p>&nbsp;<\/p>\n<p>&nbsp;<\/p>\n<p>&nbsp;<\/p>\n<p>&nbsp;<\/p>\n","protected":false},"excerpt":{"rendered":"<p>Il y a 75 ans \u00bd (le 14 ao\u00fbt 1948), un jeune pr\u00eatre de 24 ans \u00bd est nomm\u00e9 \u00e0 Savigny-sur-Orge pour sa toute premi\u00e8re affectation &#8230;\/&#8230;<\/p>\n","protected":false},"author":990003,"featured_media":7075,"comment_status":"closed","ping_status":"closed","sticky":false,"template":"","format":"standard","meta":{"give_campaign_id":0,"footnotes":""},"categories":[1],"tags":[],"class_list":["post-7068","post","type-post","status-publish","format-standard","has-post-thumbnail","hentry","category-uncategorized"],"_links":{"self":[{"href":"https:\/\/demos.uptitude.fr\/savviry1\/wp-json\/wp\/v2\/posts\/7068","targetHints":{"allow":["GET"]}}],"collection":[{"href":"https:\/\/demos.uptitude.fr\/savviry1\/wp-json\/wp\/v2\/posts"}],"about":[{"href":"https:\/\/demos.uptitude.fr\/savviry1\/wp-json\/wp\/v2\/types\/post"}],"author":[{"embeddable":true,"href":"https:\/\/demos.uptitude.fr\/savviry1\/wp-json\/wp\/v2\/users\/990003"}],"replies":[{"embeddable":true,"href":"https:\/\/demos.uptitude.fr\/savviry1\/wp-json\/wp\/v2\/comments?post=7068"}],"version-history":[{"count":0,"href":"https:\/\/demos.uptitude.fr\/savviry1\/wp-json\/wp\/v2\/posts\/7068\/revisions"}],"wp:featuredmedia":[{"embeddable":true,"href":"https:\/\/demos.uptitude.fr\/savviry1\/wp-json\/"}],"wp:attachment":[{"href":"https:\/\/demos.uptitude.fr\/savviry1\/wp-json\/wp\/v2\/media?parent=7068"}],"wp:term":[{"taxonomy":"category","embeddable":true,"href":"https:\/\/demos.uptitude.fr\/savviry1\/wp-json\/wp\/v2\/categories?post=7068"},{"taxonomy":"post_tag","embeddable":true,"href":"https:\/\/demos.uptitude.fr\/savviry1\/wp-json\/wp\/v2\/tags?post=7068"}],"curies":[{"name":"wp","href":"https:\/\/api.w.org\/{rel}","templated":true}]}}