{"id":7081,"date":"2024-03-23T10:55:31","date_gmt":"2024-03-23T10:55:31","guid":{"rendered":"https:\/\/www.savigny-viry-catholique.fr\/?p=7081"},"modified":"2024-03-23T10:55:31","modified_gmt":"2024-03-23T10:55:31","slug":"lannonciation-est-reportee","status":"publish","type":"post","link":"https:\/\/demos.uptitude.fr\/savviry1\/lannonciation-est-reportee\/","title":{"rendered":"L&rsquo;Annonciation est report\u00e9e"},"content":{"rendered":"<p>Cette ann\u00e9e, l&rsquo;Annonciation est report\u00e9e au 8 avril 2024 puisque le 25 mars tombe dans la semaine sainte&#8230;\/..<\/p>\n<p><!--more--><\/p>\n<p>.Le f\u00eate de l&rsquo;Annonciation est \u00e9galement d\u00e9cal\u00e9e si le 25 mars tombe le dimanche des Rameaux ou dans l&rsquo;octave de P\u00e2ques.<\/p>\n<p><span style=\"font-size: 20px;\"><img fetchpriority=\"high\" decoding=\"async\" class=\"alignleft wp-image-5561\" src=\"https:\/\/www.savigny-viry-catholique.fr\/wp-content\/uploads\/2022\/07\/Annonciation-copie2-585x1024.jpg\" alt=\"\" width=\"400\" height=\"700\" \/><\/span><\/p>\n<p>&nbsp;<\/p>\n<p>&nbsp;<\/p>\n<p>&nbsp;<\/p>\n<p style=\"text-align: justify;\"><span style=\"font-size: 24px;\">Le 25 mars report\u00e9 au 8 avril en cette ann\u00e9e 2024 ; l\u2019\u00c9glise c\u00e9l\u00e8bre le message de l\u2019archange Gabriel \u00e0 Marie pour lui annoncer qu\u2019elle a \u00e9t\u00e9 choisie par Dieu pour \u00eatre la m\u00e8re de son Fils J\u00e9sus. Cet \u00e9v\u00e9nement inaugure l\u2019accomplissement des promesses. Dans sa confiance absolue en Dieu, Marie accepte le projet divin.<\/span><\/p>\n<p style=\"text-align: justify;\"><span style=\"font-size: 24px;\"><em><strong><span style=\"color: #3366ff;\">\u00a0\u00bb Voici la servante du Seigneur ; que tout se passe pour moi selon ta parole.\u00a0\u00bb<\/span><\/strong><\/em><\/span><\/p>\n<p style=\"text-align: justify;\"><span style=\"font-size: 24px;\"><strong>En savoir plus sur le site de\u00a0 l&rsquo;Eglise catholique en France <span style=\"color: #ff0000;\">en cliquant ICI<\/span><\/strong><\/span><\/p>\n<p>&nbsp;<\/p>\n<p>&nbsp;<\/p>\n<p>&nbsp;<\/p>\n<p>&nbsp;<\/p>\n<p>&nbsp;<\/p>\n<p>&nbsp;<\/p>\n<p>&nbsp;<\/p>\n<p>&nbsp;<\/p>\n<p>&nbsp;<\/p>\n<p>&nbsp;<\/p>\n<p>&nbsp;<\/p>\n<p>&nbsp;<\/p>\n<h1><\/h1>\n<h1><a href=\"https:\/\/www.la-croix.com\/Abonnes\/Les-videos-Croire.com\/La-foi-dans-l-art\/L-Annonciation\"><img decoding=\"async\" class=\"alignleft wp-image-7087\" src=\"https:\/\/www.savigny-viry-catholique.fr\/wp-content\/uploads\/2024\/03\/annonciation-FraAngeloci-Prado-madrid-300x240.jpg\" alt=\"\" width=\"450\" height=\"360\" \/><\/a>Comment Fra Angelico illustre-t-il cet \u00e9pisode biblique \u2009?<\/h1>\n<h1><span style=\"color: #0000ff;\"><strong><em><span style=\"font-size: 16px;\">cliquez sur l&rsquo;image pour avoir l&rsquo;article de la Croix sur le sujet.<\/span><\/em><\/strong><\/span><\/h1>\n<p>&nbsp;<\/p>\n<p>&nbsp;<\/p>\n<p>&nbsp;<\/p>\n<p>&nbsp;<\/p>\n<p>&nbsp;<\/p>\n<p>&nbsp;<\/p>\n<p>&nbsp;<\/p>\n<p>&nbsp;<\/p>\n<p>&nbsp;<\/p>\n","protected":false},"excerpt":{"rendered":"<p>Cette ann\u00e9e, l&rsquo;Annonciation est report\u00e9e au 8 avril 2024 puisque le 25 mars tombe dans la semaine sainte&#8230;\/..<\/p>\n","protected":false},"author":990003,"featured_media":7089,"comment_status":"closed","ping_status":"closed","sticky":false,"template":"","format":"standard","meta":{"give_campaign_id":0,"footnotes":""},"categories":[1],"tags":[],"class_list":["post-7081","post","type-post","status-publish","format-standard","has-post-thumbnail","hentry","category-uncategorized"],"_links":{"self":[{"href":"https:\/\/demos.uptitude.fr\/savviry1\/wp-json\/wp\/v2\/posts\/7081","targetHints":{"allow":["GET"]}}],"collection":[{"href":"https:\/\/demos.uptitude.fr\/savviry1\/wp-json\/wp\/v2\/posts"}],"about":[{"href":"https:\/\/demos.uptitude.fr\/savviry1\/wp-json\/wp\/v2\/types\/post"}],"author":[{"embeddable":true,"href":"https:\/\/demos.uptitude.fr\/savviry1\/wp-json\/wp\/v2\/users\/990003"}],"replies":[{"embeddable":true,"href":"https:\/\/demos.uptitude.fr\/savviry1\/wp-json\/wp\/v2\/comments?post=7081"}],"version-history":[{"count":0,"href":"https:\/\/demos.uptitude.fr\/savviry1\/wp-json\/wp\/v2\/posts\/7081\/revisions"}],"wp:featuredmedia":[{"embeddable":true,"href":"https:\/\/demos.uptitude.fr\/savviry1\/wp-json\/"}],"wp:attachment":[{"href":"https:\/\/demos.uptitude.fr\/savviry1\/wp-json\/wp\/v2\/media?parent=7081"}],"wp:term":[{"taxonomy":"category","embeddable":true,"href":"https:\/\/demos.uptitude.fr\/savviry1\/wp-json\/wp\/v2\/categories?post=7081"},{"taxonomy":"post_tag","embeddable":true,"href":"https:\/\/demos.uptitude.fr\/savviry1\/wp-json\/wp\/v2\/tags?post=7081"}],"curies":[{"name":"wp","href":"https:\/\/api.w.org\/{rel}","templated":true}]}}