{"id":7096,"date":"2024-05-21T06:20:34","date_gmt":"2024-05-21T06:20:34","guid":{"rendered":"https:\/\/www.savigny-viry-catholique.fr\/?p=7096"},"modified":"2024-05-21T06:20:34","modified_gmt":"2024-05-21T06:20:34","slug":"le-frat-w-e-de-pentecote","status":"publish","type":"post","link":"https:\/\/demos.uptitude.fr\/savviry1\/le-frat-w-e-de-pentecote\/","title":{"rendered":"Le Frat &#8211; Retour en images"},"content":{"rendered":"<div dir=\"ltr\">\n<div>Les jeunes de l&rsquo;aum\u00f4nerie du niveau 4\/3 ont particip\u00e9 au Frat de Jambville lors du week-end de Pentec\u00f4te; retour en images &#8230;.\/&#8230;<\/div>\n<\/div>\n<p><!--more--><\/p>\n<p><span style=\"font-size: 20px; color: #0000ff;\"><strong>En cliquant sur l&rsquo;image ci-dessous, vid\u00e9o du Frat !<\/strong><\/span><\/p>\n<p><a href=\"https:\/\/www.youtube.com\/watch?v=PqzMQamsYK8\"><img fetchpriority=\"high\" decoding=\"async\" class=\"alignnone size-full wp-image-7100\" src=\"https:\/\/www.savigny-viry-catholique.fr\/wp-content\/uploads\/2024\/03\/Frat2024.png\" alt=\"\" width=\"267\" height=\"189\" \/><\/a>\u00a0 \u00a0 \u00a0 \u00a0 \u00a0 \u00a0 \u00a0 \u00a0 \u00a0 \u00a0 \u00a0 \u00a0 \u00a0 \u00a0 \u00a0 \u00a0 \u00a0 \u00a0 \u00a0 \u00a0 <a href=\"https:\/\/www.youtube.com\/watch?v=yYKdl-hPtYA\"><img decoding=\"async\" class=\"alignnone size-medium wp-image-7330\" src=\"https:\/\/www.savigny-viry-catholique.fr\/wp-content\/uploads\/2024\/05\/Frat-video2024-300x169.jpg\" alt=\"\" width=\"300\" height=\"169\" \/><\/a><\/p>\n<p>&nbsp;<\/p>\n<p><span style=\"font-size: 16px;\">Rassemblement annuel des jeunes chr\u00e9tiens\u00a0<strong>d\u2019\u00cele-de-France<\/strong>, le Frat s&rsquo;est tenu cette ann\u00e9e \u00e0 Jambville (78) lors du W-E de Pentec\u00f4te -17 au 20 mai &#8211; . Il s\u2019adresse aux jeunes de 4\u00e8mes et 3\u00e8mes.<\/span><\/p>\n<p><span style=\"font-size: 16px;\">Les 8 \u00e9v\u00eaques d\u2019\u00cele-de-France invitent \u00e0 cet \u00e9v\u00e8nement dans un esprit de partage et de fraternit\u00e9.\u00a0<\/span><\/p>\n<p><span style=\"font-size: 16px;\">Tous les jeunes de 4\u00e8me et 3\u00e8me sont appel\u00e9s \u00e0 vivre le th\u00e8me<\/span> <span style=\"font-size: 20px;\"><strong><span style=\"color: #0000ff;\">\u00ab\u00a0Ne ralentissez pas votre \u00e9lan\u00a0\u00bb<\/span> <\/strong><\/span><span style=\"font-size: 16px;\">\u00e0 travers ce rassemblement catholique. Des temps de r\u00e9flexion, de pri\u00e8re, de partage, de chant, de c\u00e9l\u00e9brations et de d\u00e9couvertes sont pr\u00e9vus\u00a0 !<\/span><\/p>\n<h3><\/h3>\n<h3><\/h3>\n<h3 style=\"text-align: center;\"><strong>3 JOURS POUR :<\/strong><\/h3>\n<div class=\"elementor-element elementor-element-5655401 elementor-widget elementor-widget-text-editor\" data-id=\"5655401\" data-element_type=\"widget\" data-widget_type=\"text-editor.default\">\n<div class=\"elementor-widget-container\">\n<ul>\n<li style=\"text-align: center;\"><span style=\"font-size: 16px;\">Vivre sa foi avec 10 000 jeunes du m\u00eame \u00e2ge<\/span><\/li>\n<li style=\"text-align: center;\"><span style=\"font-size: 16px;\">Prier, chanter, rencontrer<\/span><\/li>\n<li style=\"text-align: center;\"><span style=\"font-size: 16px;\">C\u00e9l\u00e9brer avec Glorious !<\/span><\/li>\n<li style=\"text-align: center;\"><span style=\"font-size: 16px;\">Partager sa bonne humeur<\/span><\/li>\n<\/ul>\n<p style=\"text-align: left;\"><span style=\"color: #ff6600;\"><em><span style=\"font-size: 20px;\">Les jeunes remercient chaleureusement les paroissiens pour leur g\u00e9n\u00e9rosit\u00e9 lors de de la vente des Rameaux pour le dimanche de la passion. Ces dons vont\u00a0 permettre de baisser le cout de la participation au Frat.<\/span><\/em><\/span><\/p>\n<p><span style=\"color: #0000ff;\"><em><span style=\"font-size: 20px;\">Une derni\u00e8re vente de gateaux aura lieu lieu lors de la messe des familles le 28 avril. <strong>Merci encore !<\/strong><\/span><\/em><\/span><\/p>\n<p style=\"text-align: center;\"><span style=\"font-size: 16px;\"><strong>Vid\u00e9o de pr\u00e9sentation du Frat 2024 : cliquez sur l&rsquo;image ci-dessous<\/strong><\/span><\/p>\n<\/div>\n<\/div>\n<p><a href=\"https:\/\/frat.org\/\"><img decoding=\"async\" class=\"alignnone size-full wp-image-7099 aligncenter\" src=\"https:\/\/www.savigny-viry-catholique.fr\/wp-content\/uploads\/2024\/03\/Frat-visuel2024.jpg\" alt=\"\" width=\"259\" height=\"194\" \/><\/a><\/p>\n","protected":false},"excerpt":{"rendered":"<p>Les jeunes de l&rsquo;aum\u00f4nerie du niveau 4\/3 ont particip\u00e9 au Frat de Jambville lors du week-end de Pentec\u00f4te; retour en images &#8230;.\/&#8230;<\/p>\n","protected":false},"author":990003,"featured_media":7098,"comment_status":"closed","ping_status":"closed","sticky":false,"template":"","format":"standard","meta":{"give_campaign_id":0,"footnotes":""},"categories":[1],"tags":[],"class_list":["post-7096","post","type-post","status-publish","format-standard","has-post-thumbnail","hentry","category-uncategorized"],"_links":{"self":[{"href":"https:\/\/demos.uptitude.fr\/savviry1\/wp-json\/wp\/v2\/posts\/7096","targetHints":{"allow":["GET"]}}],"collection":[{"href":"https:\/\/demos.uptitude.fr\/savviry1\/wp-json\/wp\/v2\/posts"}],"about":[{"href":"https:\/\/demos.uptitude.fr\/savviry1\/wp-json\/wp\/v2\/types\/post"}],"author":[{"embeddable":true,"href":"https:\/\/demos.uptitude.fr\/savviry1\/wp-json\/wp\/v2\/users\/990003"}],"replies":[{"embeddable":true,"href":"https:\/\/demos.uptitude.fr\/savviry1\/wp-json\/wp\/v2\/comments?post=7096"}],"version-history":[{"count":0,"href":"https:\/\/demos.uptitude.fr\/savviry1\/wp-json\/wp\/v2\/posts\/7096\/revisions"}],"wp:featuredmedia":[{"embeddable":true,"href":"https:\/\/demos.uptitude.fr\/savviry1\/wp-json\/"}],"wp:attachment":[{"href":"https:\/\/demos.uptitude.fr\/savviry1\/wp-json\/wp\/v2\/media?parent=7096"}],"wp:term":[{"taxonomy":"category","embeddable":true,"href":"https:\/\/demos.uptitude.fr\/savviry1\/wp-json\/wp\/v2\/categories?post=7096"},{"taxonomy":"post_tag","embeddable":true,"href":"https:\/\/demos.uptitude.fr\/savviry1\/wp-json\/wp\/v2\/tags?post=7096"}],"curies":[{"name":"wp","href":"https:\/\/api.w.org\/{rel}","templated":true}]}}