{"id":7106,"date":"2024-03-27T17:40:31","date_gmt":"2024-03-27T17:40:31","guid":{"rendered":"https:\/\/www.savigny-viry-catholique.fr\/?p=7106"},"modified":"2024-03-27T17:40:31","modified_gmt":"2024-03-27T17:40:31","slug":"le-jeudi-saint-la-cene","status":"publish","type":"post","link":"https:\/\/demos.uptitude.fr\/savviry1\/le-jeudi-saint-la-cene\/","title":{"rendered":"Le Jeudi saint &#8211; La C\u00e8ne"},"content":{"rendered":"<h3><span style=\"font-size: 14px;\">J\u00e9sus prend son dernier repas avec les douze Ap\u00f4tres dans la salle dite du \u00ab C\u00e9nacle \u00bb &#8230;\/&#8230;<\/span><\/h3>\n<p><!--more--><\/p>\n<p>(Source : \u00ab\u00a0le Jour du Seigneur\u00a0\u00bb)<\/p>\n<p><span style=\"font-size: 16px;\">Quelques jours apr\u00e8s son entr\u00e9e \u00e0 J\u00e9rusalem (Dimanche des rameaux) , J\u00e9sus prend son <strong>dernier repas avec les douze Ap\u00f4tres<\/strong>\u00a0dans la salle dite du \u00ab\u00a0C\u00e9nacle\u00a0\u00bb. Il va instituer\u00a0<strong>l\u2019eucharistie\u00a0<\/strong>en pronon\u00e7ant ces paroles : \u00ab Prenez et mangez, ceci est mon corps\u00a0\u00bb (Mt 26, 26) lors du partage du pain. Puis, en leur donnant la coupe de vin, il dit\u00a0:\u00a0\u00ab Buvez-en tous car ceci est mon sang vers\u00e9 pour la multitude pour le pardon des p\u00e9ch\u00e9s\u00a0\u00bb (Mt 26, 28). Sous la forme du pain et du vin consacr\u00e9s, le Christ rend gr\u00e2ce et offre son corps et son sang pour le salut des hommes.\u00a0Ce dernier repas est pour J\u00e9sus le moment de donner aux disciples<strong>\u00a0ses derniers enseignements<\/strong>. J\u00e9sus annonce qu\u2019il va donner sa vie pour sauver les hommes de la mort et du p\u00e9ch\u00e9 et que les chr\u00e9tiens devront continuer \u00e0 faire m\u00e9moire de ce sacrifice, en c\u00e9l\u00e9brant r\u00e9guli\u00e8rement cette eucharistie, pendant la messe.<\/span><\/p>\n<p><span style=\"font-size: 16px;\">Au cours de ce repas,\u00a0<strong>J\u00e9sus<\/strong>\u00a0va aussi se mettre \u00e0 genoux devant chacun de ses disciples et leur laver les pieds. Il prend la tenue de serviteur et dit : \u00ab\u00a0C\u2019est un exemple que je vous ai donn\u00e9 afin que vous fassiez vous aussi comme j\u2019ai fait pour vous\u00a0\u00bb (Jn 13, 15). Au cours de la\u00a0<strong>messe\u00a0<\/strong>c\u00e9l\u00e9br\u00e9e avec solennit\u00e9, on r\u00e9p\u00e8te le geste du\u00a0<strong>lavement des pieds<\/strong>, qui est un signe de pardon et de service. J\u00e9sus invite \u00e0 le suivre\u00a0en faisant le bien au service des autres.<\/span><\/p>\n<p><strong><span style=\"font-size: 16px; color: #0000ff;\">Vitrail de la cath\u00e9drale de Strasbourg : La C\u00e8ne &#8211; Cliquez sur l&rsquo;image pour voir la vid\u00e9o<\/span><\/strong><\/p>\n<p><a href=\"https:\/\/www.lejourduseigneur.com\/videos\/paroles-de-vitrail-la-sainte-cene-1171\"><img fetchpriority=\"high\" decoding=\"async\" class=\"alignnone wp-image-7108 size-full\" src=\"https:\/\/www.savigny-viry-catholique.fr\/wp-content\/uploads\/2024\/03\/Parole-de-vitrail.jpg\" alt=\"\" width=\"542\" height=\"338\" \/><\/a><\/p>\n","protected":false},"excerpt":{"rendered":"<p>J\u00e9sus prend son dernier repas avec les douze Ap\u00f4tres dans la salle dite du \u00ab C\u00e9nacle \u00bb &#8230;\/&#8230;<\/p>\n","protected":false},"author":990003,"featured_media":7115,"comment_status":"closed","ping_status":"closed","sticky":false,"template":"","format":"standard","meta":{"give_campaign_id":0,"footnotes":""},"categories":[1],"tags":[],"class_list":["post-7106","post","type-post","status-publish","format-standard","has-post-thumbnail","hentry","category-uncategorized"],"_links":{"self":[{"href":"https:\/\/demos.uptitude.fr\/savviry1\/wp-json\/wp\/v2\/posts\/7106","targetHints":{"allow":["GET"]}}],"collection":[{"href":"https:\/\/demos.uptitude.fr\/savviry1\/wp-json\/wp\/v2\/posts"}],"about":[{"href":"https:\/\/demos.uptitude.fr\/savviry1\/wp-json\/wp\/v2\/types\/post"}],"author":[{"embeddable":true,"href":"https:\/\/demos.uptitude.fr\/savviry1\/wp-json\/wp\/v2\/users\/990003"}],"replies":[{"embeddable":true,"href":"https:\/\/demos.uptitude.fr\/savviry1\/wp-json\/wp\/v2\/comments?post=7106"}],"version-history":[{"count":0,"href":"https:\/\/demos.uptitude.fr\/savviry1\/wp-json\/wp\/v2\/posts\/7106\/revisions"}],"wp:featuredmedia":[{"embeddable":true,"href":"https:\/\/demos.uptitude.fr\/savviry1\/wp-json\/"}],"wp:attachment":[{"href":"https:\/\/demos.uptitude.fr\/savviry1\/wp-json\/wp\/v2\/media?parent=7106"}],"wp:term":[{"taxonomy":"category","embeddable":true,"href":"https:\/\/demos.uptitude.fr\/savviry1\/wp-json\/wp\/v2\/categories?post=7106"},{"taxonomy":"post_tag","embeddable":true,"href":"https:\/\/demos.uptitude.fr\/savviry1\/wp-json\/wp\/v2\/tags?post=7106"}],"curies":[{"name":"wp","href":"https:\/\/api.w.org\/{rel}","templated":true}]}}