{"id":7146,"date":"2024-04-15T07:00:06","date_gmt":"2024-04-15T07:00:06","guid":{"rendered":"https:\/\/www.savigny-viry-catholique.fr\/?p=7146"},"modified":"2024-04-15T07:00:06","modified_gmt":"2024-04-15T07:00:06","slug":"journee-de-priere-pour-les-vocations","status":"publish","type":"post","link":"https:\/\/demos.uptitude.fr\/savviry1\/journee-de-priere-pour-les-vocations\/","title":{"rendered":"Journ\u00e9e de pri\u00e8re pour les vocations"},"content":{"rendered":"<p><strong>La Journ\u00e9e Mondiale de pri\u00e8re pour les vocations<\/strong> \u2013 lors du 4<sup>\u00e8me<\/sup> dimanche de P\u00e2ques-\u00a0 <strong>a lieu le 21 avril 2024 &#8230;\/..<\/strong><\/p>\n<p><!--more--><\/p>\n<p><strong><span style=\"font-size: 16px;\"><img fetchpriority=\"high\" decoding=\"async\" class=\"wp-image-7145 alignleft\" src=\"https:\/\/www.savigny-viry-catholique.fr\/wp-content\/uploads\/2024\/04\/vocations2024-02-300x169.png\" alt=\"\" width=\"500\" height=\"281\" \/><\/span><\/strong><\/p>\n<p>&nbsp;<\/p>\n<p><span style=\"font-size: 20px;\">C\u2019est une journ\u00e9e d\u2019invitation \u00e0 la r\u00e9flexion : quand on parle de vocation, on parle de ce qui touche l\u2019\u00eatre humain au plus intime de sa libert\u00e9. C\u2019est aussi une journ\u00e9e d\u2019invitation \u00e0 la pri\u00e8re : pour qu\u2019une libert\u00e9 humaine d\u00e9couvre son chemin, elle a besoin d\u2019\u00eatre \u00e9clair\u00e9e et stimul\u00e9e. C\u2019est le r\u00f4le du Saint Esprit.<\/span><\/p>\n<p>&nbsp;<\/p>\n<p><strong><span style=\"font-size: 16px;\"><span style=\"font-size: 20px;\">Pour la 61\u00e8me Journ\u00e9e mondiale de pri\u00e8re pour les vocations le 21 avril prochain, le Pape a exhort\u00e9 \u00e0 semer l\u2019esp\u00e9rance et \u00e0 construire la paix. Dans un monde marqu\u00e9 par \u00abl\u2019avanc\u00e9e mena\u00e7ante d\u2019une troisi\u00e8me guerre mondiale par morceaux\u00bb, Fran\u00e7ois explique que \u00abnous sommes tous appel\u00e9s \u00e0 \u201cdonner corps et c\u0153ur\u201d \u00e0 l\u2019esp\u00e9rance de l\u2019\u00c9vangile\u00bb.<\/span><\/span><\/strong><\/p>\n<p>&nbsp;<\/p>\n<h3><span style=\"color: #0000ff;\"><b>L&rsquo;engagement des uns et des autres\u00a0<\/b><\/span><\/h3>\n<p><span style=\"color: #800000;\"><span style=\"font-size: 16px;\">Dans son message, le Pape a une pens\u00e9e pour les m\u00e8res et p\u00e8res qui ne pensent pas d\u2019abord \u00e0 eux-m\u00eames et qui ne suivent pas le courant d\u2019un style superficiel, mais qui configurent leur existence sur le soin des relations; avec amour et gratuit\u00e9, en s\u2019ouvrant au don de la vie.\u00a0<\/span><\/span><\/p>\n<p><span style=\"color: #800000;\"><span style=\"font-size: 16px;\">Fran\u00e7ois tourne ses pens\u00e9es \u00e9galement vers ceux qui accomplissent leur travail avec d\u00e9vouement et esprit de collaboration; ceux qui s\u2019engagent, dans divers domaines et de diff\u00e9rentes mani\u00e8res pour construire un monde plus juste, une \u00e9conomie plus solidaire, une politique plus \u00e9quitable, une soci\u00e9t\u00e9 plus humaine. Sans oublier les hommes et femmes de bonne volont\u00e9 qui se d\u00e9pensent pour le bien commun; ainsi que les personnes consacr\u00e9es, qui offrent leur existence au Seigneur dans le silence de la pri\u00e8re comme dans l\u2019action apostolique, parfois dans des zones frontali\u00e8res et sans \u00e9pargner leurs \u00e9nergies; et ceux qui ont accueilli l\u2019appel au sacerdoce ordonn\u00e9 et qui se consacrent \u00e0 l\u2019annonce de l\u2019\u00c9vangile.\u00a0Aux jeunes, en particulier \u00e0 ceux qui se sentent \u00e9loign\u00e9s ou qui nourrissent une m\u00e9fiance envers l\u2019\u00c9glise, le Pape adresse un message: \u00ab<i>Laissez-vous fasciner par J\u00e9sus, adressez-lui vos questions importantes, \u00e0 travers les pages de l\u2019\u00c9vangile, laissez-vous inqui\u00e9ter par sa pr\u00e9sence qui nous met toujours salutairement en crise<\/i>\u00bb.<\/span><\/span><\/p>\n<p><a href=\"https:\/\/www.vaticannews.va\/fr\/pape\/news\/2024-03\/journee-de-priere-pour-les-vocations-le-pape-invite-a-construir.html\"><span style=\"font-size: 16px;\"><strong>Le message complet\u00a0 ICI<\/strong><\/span><\/a><\/p>\n<p>&nbsp;<\/p>\n<p>&nbsp;<\/p>\n","protected":false},"excerpt":{"rendered":"<p>La Journ\u00e9e Mondiale de pri\u00e8re pour les vocations \u2013 lors du 4\u00e8me dimanche de P\u00e2ques-\u00a0 a lieu le 21 avril 2024 &#8230;\/..<\/p>\n","protected":false},"author":990003,"featured_media":7144,"comment_status":"closed","ping_status":"closed","sticky":false,"template":"","format":"standard","meta":{"give_campaign_id":0,"footnotes":""},"categories":[1],"tags":[],"class_list":["post-7146","post","type-post","status-publish","format-standard","has-post-thumbnail","hentry","category-uncategorized"],"_links":{"self":[{"href":"https:\/\/demos.uptitude.fr\/savviry1\/wp-json\/wp\/v2\/posts\/7146","targetHints":{"allow":["GET"]}}],"collection":[{"href":"https:\/\/demos.uptitude.fr\/savviry1\/wp-json\/wp\/v2\/posts"}],"about":[{"href":"https:\/\/demos.uptitude.fr\/savviry1\/wp-json\/wp\/v2\/types\/post"}],"author":[{"embeddable":true,"href":"https:\/\/demos.uptitude.fr\/savviry1\/wp-json\/wp\/v2\/users\/990003"}],"replies":[{"embeddable":true,"href":"https:\/\/demos.uptitude.fr\/savviry1\/wp-json\/wp\/v2\/comments?post=7146"}],"version-history":[{"count":0,"href":"https:\/\/demos.uptitude.fr\/savviry1\/wp-json\/wp\/v2\/posts\/7146\/revisions"}],"wp:featuredmedia":[{"embeddable":true,"href":"https:\/\/demos.uptitude.fr\/savviry1\/wp-json\/"}],"wp:attachment":[{"href":"https:\/\/demos.uptitude.fr\/savviry1\/wp-json\/wp\/v2\/media?parent=7146"}],"wp:term":[{"taxonomy":"category","embeddable":true,"href":"https:\/\/demos.uptitude.fr\/savviry1\/wp-json\/wp\/v2\/categories?post=7146"},{"taxonomy":"post_tag","embeddable":true,"href":"https:\/\/demos.uptitude.fr\/savviry1\/wp-json\/wp\/v2\/tags?post=7146"}],"curies":[{"name":"wp","href":"https:\/\/api.w.org\/{rel}","templated":true}]}}