{"id":7151,"date":"2024-04-15T08:52:54","date_gmt":"2024-04-15T08:52:54","guid":{"rendered":"https:\/\/www.savigny-viry-catholique.fr\/?p=7151"},"modified":"2024-04-15T08:52:54","modified_gmt":"2024-04-15T08:52:54","slug":"kermesse-a-ste-bernadette","status":"publish","type":"post","link":"https:\/\/demos.uptitude.fr\/savviry1\/kermesse-a-ste-bernadette\/","title":{"rendered":"Kermesse \u00e0 Ste Bernadette"},"content":{"rendered":"<p>Une date \u00e0 noter : le 28 avril \u00e0 l&rsquo;\u00e9glise Ste Bernadette de Viry-Ch\u00e2tillon &#8230;\/&#8230;<\/p>\n<p><!--more--><\/p>\n<p>&nbsp;<\/p>\n<p><span style=\"font-size: 20px;\"><strong>47\u00e8me Kermesse de l\u2019Etoile Sainte-Bernadette<\/strong><\/span><br \/>\n<span style=\"font-size: 28px; color: #0000ff;\"><strong><img fetchpriority=\"high\" decoding=\"async\" class=\"alignleft wp-image-7150\" src=\"https:\/\/www.savigny-viry-catholique.fr\/wp-content\/uploads\/2024\/04\/2024-kermesseSTEBERN.jpg\" alt=\"\" width=\"420\" height=\"552\" \/><\/strong><\/span><\/p>\n<p>&nbsp;<\/p>\n<p>&nbsp;<\/p>\n<p><span style=\"font-size: 28px; color: #0000ff;\"><strong>\u00ab C\u2019est la f\u00eate ! \u00bb<\/strong><\/span><\/p>\n<p><span style=\"font-size: 20px;\"><strong>Dimanche 28 avril de 10h30 \u2013 19h00. <\/strong><\/span><\/p>\n<p><span style=\"font-size: 20px;\"><strong>Au programme :<\/strong><\/span><br \/>\n<span style=\"font-size: 20px; color: #ff6600;\"><strong>&#8211; Messe en plein air (10h 30) suivie de la procession \u00e0 Notre Dame de Fatima.<\/strong><\/span><\/p>\n<p><span style=\"font-size: 20px;\"><strong>&#8211;\u00a0 Restauration, buvette,<\/strong><\/span><br \/>\n<span style=\"font-size: 20px;\"><strong>&#8211; Jeux, animations, stand pour les jeunes SA-VI(e)<\/strong><\/span><br \/>\n<span style=\"font-size: 20px;\"><strong>&#8211; Repas de f\u00eate.<\/strong><\/span><br \/>\n<span style=\"font-size: 20px; color: #008000;\"><strong>&#8211; Fahrenheit \u2013 Concert pop-rock<\/strong><\/span><br \/>\n<span style=\"font-size: 20px; color: #008000;\"><strong>&#8211; Koroll Breizh \u2013 Danses bretonnes<\/strong><\/span><\/p>\n","protected":false},"excerpt":{"rendered":"<p>Une date \u00e0 noter : le 28 avril \u00e0 l&rsquo;\u00e9glise Ste Bernadette de Viry-Ch\u00e2tillon &#8230;\/&#8230;<\/p>\n","protected":false},"author":990003,"featured_media":7156,"comment_status":"closed","ping_status":"closed","sticky":false,"template":"","format":"standard","meta":{"give_campaign_id":0,"footnotes":""},"categories":[1],"tags":[],"class_list":["post-7151","post","type-post","status-publish","format-standard","has-post-thumbnail","hentry","category-uncategorized"],"_links":{"self":[{"href":"https:\/\/demos.uptitude.fr\/savviry1\/wp-json\/wp\/v2\/posts\/7151","targetHints":{"allow":["GET"]}}],"collection":[{"href":"https:\/\/demos.uptitude.fr\/savviry1\/wp-json\/wp\/v2\/posts"}],"about":[{"href":"https:\/\/demos.uptitude.fr\/savviry1\/wp-json\/wp\/v2\/types\/post"}],"author":[{"embeddable":true,"href":"https:\/\/demos.uptitude.fr\/savviry1\/wp-json\/wp\/v2\/users\/990003"}],"replies":[{"embeddable":true,"href":"https:\/\/demos.uptitude.fr\/savviry1\/wp-json\/wp\/v2\/comments?post=7151"}],"version-history":[{"count":0,"href":"https:\/\/demos.uptitude.fr\/savviry1\/wp-json\/wp\/v2\/posts\/7151\/revisions"}],"wp:featuredmedia":[{"embeddable":true,"href":"https:\/\/demos.uptitude.fr\/savviry1\/wp-json\/"}],"wp:attachment":[{"href":"https:\/\/demos.uptitude.fr\/savviry1\/wp-json\/wp\/v2\/media?parent=7151"}],"wp:term":[{"taxonomy":"category","embeddable":true,"href":"https:\/\/demos.uptitude.fr\/savviry1\/wp-json\/wp\/v2\/categories?post=7151"},{"taxonomy":"post_tag","embeddable":true,"href":"https:\/\/demos.uptitude.fr\/savviry1\/wp-json\/wp\/v2\/tags?post=7151"}],"curies":[{"name":"wp","href":"https:\/\/api.w.org\/{rel}","templated":true}]}}