{"id":7160,"date":"2024-05-14T10:59:19","date_gmt":"2024-05-14T10:59:19","guid":{"rendered":"https:\/\/www.savigny-viry-catholique.fr\/?p=7160"},"modified":"2024-05-14T10:59:19","modified_gmt":"2024-05-14T10:59:19","slug":"le-pere-pe-a-cent-ans","status":"publish","type":"post","link":"https:\/\/demos.uptitude.fr\/savviry1\/le-pere-pe-a-cent-ans\/","title":{"rendered":"Le P\u00e8re P\u00e9 a cent ans !"},"content":{"rendered":"<p>14 avril 2024, Le secteur pastoral f\u00eate le P\u00e8re P\u00e9 &#8230;\/&#8230;<\/p>\n<p><!--more--><\/p>\n<p><span style=\"font-size: 20px;\"><img fetchpriority=\"high\" decoding=\"async\" class=\"size-medium wp-image-7070 alignleft\" src=\"https:\/\/www.savigny-viry-catholique.fr\/wp-content\/uploads\/2024\/03\/Mgr-jacquesPe-V2-236x300.jpg\" alt=\"\" width=\"236\" height=\"300\" \/><\/span><\/p>\n<p>&nbsp;<\/p>\n<p style=\"text-align: justify;\"><span style=\"font-size: 20px;\">Il y a 75 ans \u00bd (le 14 ao\u00fbt 1948), un jeune pr\u00eatre de 24 ans \u00bd est nomm\u00e9 \u00e0 Savigny-sur-Orge pour sa toute premi\u00e8re affectation \u00e0 l\u2019\u00e9glise Sainte-Th\u00e9r\u00e8se.<\/span><br \/>\n<span style=\"font-size: 20px;\">Le P\u00e8re Jacques P\u00e9 arrive \u00e0 v\u00e9lo, en soutane noire, le porte-bagages bien charg\u00e9 avec, \u00e0 l\u2019arri\u00e8re une valise, \u00e0 l\u2019avant un carton et sur le dos un sac tyrolien bien rempli.<\/span><\/p>\n<p><img decoding=\"async\" class=\"wp-image-7170 aligncenter\" src=\"https:\/\/www.savigny-viry-catholique.fr\/wp-content\/uploads\/2024\/04\/20240414_151807-169x300.jpg\" alt=\"\" width=\"250\" height=\"444\" \/><\/p>\n<p style=\"text-align: justify;\"><span style=\"font-size: 20px;\">C\u2019est le commencement du chemin \u2026 un tr\u00e8s long chemin qui lui fait parcourir la banlieue parisienne tout au long de son sacerdoce : de Savigny-sur-Orge \u00e0 Argenteuil puis Garches, Villeneuve-Saint-Georges, <\/span><span style=\"font-size: 20px;\">Saint-Germain-en-Laye pour arriver dans le tout nouveau d\u00e9partement de l\u2019Essonne en 1970 \u00e0 Massy puis Grigny (Grande Borne), Les Ulis et enfin Viry-Ch\u00e2tillon pendant 15 ann\u00e9es.<\/span><br \/>\n<span style=\"font-size: 20px;\">Son parcours lui fait conna\u00eetre divers milieux sur un territoire alors en plein essor (dont la jeunesse ouvri\u00e8re et les migrants) \u2026 Il laisse sur son passage des traces ind\u00e9l\u00e9biles de bienveillance et de compr\u00e9hension envers tous, croyants ou non croyants.<\/span><br \/>\n<span style=\"font-size: 20px;\">Au Foyer Lucien Midol de Savigny-sur-Orge o\u00f9 il r\u00e9side depuis 2014, il continue son chemin pastoral tout en r\u00e9digeant ses m\u00e9moires dans un esprit de transmission et de partage.<\/span><br \/>\n<span style=\"font-size: 20px;\">C\u2019est l\u00e0 que le 26 mars dernier, le P\u00e8re Jacques a pass\u00e9 le cap de ses 100 ans<\/span> .!<\/p>\n<p><a href=\"https:\/\/www.savigny-viry-catholique.fr\/bwg_gallery\/100ans-du-pere-pe\/?bwg-preview-type=thumbnails_mosaic\"><img decoding=\"async\" class=\"size-medium wp-image-7158 alignleft\" src=\"https:\/\/www.savigny-viry-catholique.fr\/wp-content\/uploads\/2024\/04\/DSC_0388-V1-300x282.jpg\" alt=\"\" width=\"300\" height=\"282\" \/><\/a><\/p>\n<p>&nbsp;<\/p>\n<p>&nbsp;<\/p>\n<p>&nbsp;<\/p>\n<p>&nbsp;<\/p>\n<p>&nbsp;<\/p>\n<p>&nbsp;<\/p>\n<p>&nbsp;<\/p>\n<p>&nbsp;<\/p>\n<p>&nbsp;<\/p>\n<p><span style=\"font-size: 20px; color: #0000ff;\">Le dimanche 14 avril 2024 , apr\u00e8s la messe de 11h00 pr\u00e9sid\u00e9e par Mgr Pansard conc\u00e9l\u00e9br\u00e9e avec le P\u00e8re Jacques P\u00e9 et les autres pr\u00eatres du Secteur, les paroissiens ont rendu hommage\u00a0 et partag\u00e9 un repas de f\u00eate avec l&rsquo;heureux centenaire.<\/span><\/p>\n<p><img loading=\"lazy\" decoding=\"async\" class=\"alignnone size-medium wp-image-7162\" src=\"https:\/\/www.savigny-viry-catholique.fr\/wp-content\/uploads\/2024\/04\/20240414_111619-300x169.jpg\" alt=\"\" width=\"300\" height=\"169\" \/> <img loading=\"lazy\" decoding=\"async\" class=\"alignnone size-medium wp-image-7163\" src=\"https:\/\/www.savigny-viry-catholique.fr\/wp-content\/uploads\/2024\/04\/20240414_112704-300x169.jpg\" alt=\"\" width=\"300\" height=\"169\" \/><img loading=\"lazy\" decoding=\"async\" class=\"alignnone size-medium wp-image-7167\" src=\"https:\/\/www.savigny-viry-catholique.fr\/wp-content\/uploads\/2024\/04\/20240414_134423-300x169.jpg\" alt=\"\" width=\"300\" height=\"169\" \/><\/p>\n<p><span style=\"font-size: 20px;\"><strong><span style=\"color: #ff6600;\">Le p\u00e8re P\u00e9 a souffl\u00e9 les bougies de ses 100ans !<\/span><\/strong><\/span><\/p>\n<p>&nbsp;<\/p>\n<p><span style=\"font-size: 28px;\"><strong><span style=\"color: #0000ff;\"><img loading=\"lazy\" decoding=\"async\" class=\"alignleft wp-image-7172\" src=\"https:\/\/www.savigny-viry-catholique.fr\/wp-content\/uploads\/2024\/04\/20240414_153356-V1-239x300.jpg\" alt=\"\" width=\"250\" height=\"313\" \/><\/span><\/strong><\/span><\/p>\n<p>&nbsp;<\/p>\n<p><img loading=\"lazy\" decoding=\"async\" class=\"wp-image-7239 alignleft\" src=\"https:\/\/www.savigny-viry-catholique.fr\/wp-content\/uploads\/2024\/04\/Per-Pe-jeune-173x300.jpg\" alt=\"\" width=\"120\" height=\"208\" \/><img loading=\"lazy\" decoding=\"async\" class=\"wp-image-7238 alignright\" src=\"https:\/\/www.savigny-viry-catholique.fr\/wp-content\/uploads\/2024\/04\/Per-Pe-pretre-182x300.jpg\" alt=\"\" width=\"125\" height=\"206\" \/><\/p>\n<p>&nbsp;<\/p>\n<p>&nbsp;<\/p>\n<p><strong><span style=\"color: #ff6600; font-size: 20px;\">Pour ceux qui n\u2019auraient pu se procurer le recueil de ses m\u00e9moires intitul\u00e9\u00a0 \u00a0 \u00a0<\/span><\/strong><\/p>\n<p><strong><span style=\"color: #ff6600; font-size: 20px;\">\u00ab\u00a0Un petit homme au grand c\u0153ur\u00a0\u00bb,<\/span><\/strong><\/p>\n<p><strong><span style=\"color: #ff6600; font-size: 20px;\">renseignements aupr\u00e8s de Marie-Paule Gu\u00e9rif <\/span><\/strong><\/p>\n<p><strong><span style=\"color: #ff6600; font-size: 20px;\">tel : 06 89 48 12 31<\/span><\/strong><\/p>\n<p>&nbsp;<\/p>\n<p>&nbsp;<\/p>\n<p><span style=\"font-size: 28px;\"><span style=\"color: #0000ff;\">Les images de la journ\u00e9e sont visible <a href=\"https:\/\/www.savigny-viry-catholique.fr\/bwg_gallery\/100ans-du-pere-pe\/?bwg-preview-type=thumbnails_mosaic\">en cliquant ICI<\/a><\/span><\/span><\/p>\n<p>(Photos \u00a9 SPSV- BW)<\/p>\n<p>&nbsp;<\/p>\n<p>&nbsp;<\/p>\n<p><span style=\"font-size: 24px;\"><strong>La parole au P\u00e8re PE dans sa 101\u00e8me ann\u00e9e entam\u00e9e :<\/strong><\/span><\/p>\n<p><span style=\"color: #008000;\"><em><span style=\"font-size: 20px;\"> \u00a0\u00bb Au terme de cette c\u00e9l\u00e9bration eucharistique, <\/span><\/em><em><span style=\"font-size: 20px;\">vous attendez de ma part un mot qui nous concerne tous. Ce mot est <strong>MERCI<\/strong><\/span><\/em><\/span><br \/>\n<span style=\"color: #008000;\"><em><span style=\"font-size: 20px;\">Merci d\u2019\u00eatre venus nombreux du secteur pastoral, aussi de divers lieux proches ou moins proches de<\/span><\/em><\/span><br \/>\n<span style=\"color: #008000;\"><em><span style=\"font-size: 20px;\">Viry-Savigny.<\/span><\/em><\/span><br \/>\n<span style=\"color: #008000;\"><em><span style=\"font-size: 20px;\">Merci surtout \u00e0 Dieu pour ce qu\u2019il m\u2019a donn\u00e9 de vivre avec vous, dans les diff\u00e9rentes cit\u00e9s o\u00f9 j\u2019ai r\u00e9sid\u00e9 <\/span><\/em><em><span style=\"font-size: 20px;\">comme pr\u00eatre autour de Paris, dans les diff\u00e9rentes missions. Missions partag\u00e9es avec vous en <\/span><\/em><em><span style=\"font-size: 20px;\">paroisse, dans les mouvements et associations aussi sur le terrain oecum\u00e9nique et interreligieux, voire <\/span><\/em><em><span style=\"font-size: 20px;\">humanitaire.<\/span><\/em><\/span><br \/>\n<span style=\"color: #008000;\"><em><span style=\"font-size: 20px;\">Pour que viennent sur terre la paix et le bonheur selon le coeur de Dieu \u00e0 base de justice et de fraternit\u00e9 <\/span><\/em><em><span style=\"font-size: 20px;\">universelle et l\u2019annonce de la r\u00e9surrection.<\/span><\/em><\/span><br \/>\n<span style=\"color: #008000;\"><em><span style=\"font-size: 20px;\">Cela v\u00e9cu dans le quotidien de la vie.<\/span><\/em><\/span><br \/>\n<span style=\"color: #008000;\"><em><span style=\"font-size: 20px;\">En communion de ma part avec Marie et Joseph, les tous premiers en cord\u00e9e avec J\u00e9sus, avec les <\/span><\/em><em><span style=\"font-size: 20px;\">saints qui nous sont chers. Avec Th\u00e9r\u00e8se, la carm\u00e9lite de Lisieux, qui est intervenue discr\u00e8tement <\/span><\/em><em><span style=\"font-size: 20px;\">plusieurs fois dans mon parcours des 100 ann\u00e9es \u00bb.<\/span><\/em><\/span><\/p>\n<p><span style=\"color: #008000;\"><em><span style=\"font-size: 20px;\">P\u00e8re Jacques PE<\/span><\/em><\/span><\/p>\n","protected":false},"excerpt":{"rendered":"<p>14 avril 2024, Le secteur pastoral f\u00eate le P\u00e8re P\u00e9 &#8230;\/&#8230;<\/p>\n","protected":false},"author":990003,"featured_media":7219,"comment_status":"closed","ping_status":"closed","sticky":false,"template":"","format":"standard","meta":{"give_campaign_id":0,"footnotes":""},"categories":[1],"tags":[],"class_list":["post-7160","post","type-post","status-publish","format-standard","has-post-thumbnail","hentry","category-uncategorized"],"_links":{"self":[{"href":"https:\/\/demos.uptitude.fr\/savviry1\/wp-json\/wp\/v2\/posts\/7160","targetHints":{"allow":["GET"]}}],"collection":[{"href":"https:\/\/demos.uptitude.fr\/savviry1\/wp-json\/wp\/v2\/posts"}],"about":[{"href":"https:\/\/demos.uptitude.fr\/savviry1\/wp-json\/wp\/v2\/types\/post"}],"author":[{"embeddable":true,"href":"https:\/\/demos.uptitude.fr\/savviry1\/wp-json\/wp\/v2\/users\/990003"}],"replies":[{"embeddable":true,"href":"https:\/\/demos.uptitude.fr\/savviry1\/wp-json\/wp\/v2\/comments?post=7160"}],"version-history":[{"count":0,"href":"https:\/\/demos.uptitude.fr\/savviry1\/wp-json\/wp\/v2\/posts\/7160\/revisions"}],"wp:featuredmedia":[{"embeddable":true,"href":"https:\/\/demos.uptitude.fr\/savviry1\/wp-json\/"}],"wp:attachment":[{"href":"https:\/\/demos.uptitude.fr\/savviry1\/wp-json\/wp\/v2\/media?parent=7160"}],"wp:term":[{"taxonomy":"category","embeddable":true,"href":"https:\/\/demos.uptitude.fr\/savviry1\/wp-json\/wp\/v2\/categories?post=7160"},{"taxonomy":"post_tag","embeddable":true,"href":"https:\/\/demos.uptitude.fr\/savviry1\/wp-json\/wp\/v2\/tags?post=7160"}],"curies":[{"name":"wp","href":"https:\/\/api.w.org\/{rel}","templated":true}]}}