{"id":7255,"date":"2024-06-14T07:00:52","date_gmt":"2024-06-14T07:00:52","guid":{"rendered":"https:\/\/www.savigny-viry-catholique.fr\/?p=7255"},"modified":"2024-06-14T07:00:52","modified_gmt":"2024-06-14T07:00:52","slug":"23-juin-christophe-ordonne-diacre","status":"publish","type":"post","link":"https:\/\/demos.uptitude.fr\/savviry1\/23-juin-christophe-ordonne-diacre\/","title":{"rendered":"23 juin : Christophe, ordonn\u00e9 diacre&#8230;"},"content":{"rendered":"<p>A l&rsquo;occasion de l&rsquo;ordination diaconale de Christophe Sonzogni, quelques informations compl\u00e9mentaires sur les diacres &#8230;\/&#8230;<\/p>\n<p><!--more--><\/p>\n<p><span style=\"font-size: 20px;\"><strong><img decoding=\"async\" class=\"alignleft wp-image-7324\" src=\"https:\/\/www.savigny-viry-catholique.fr\/wp-content\/uploads\/2024\/05\/Christophe-sonzogni03.jpg\" alt=\"\" width=\"200\" height=\"199\" \/>Christophe Sonzogni sera ordonn\u00e9 \u00ab\u00a0Diacre permanent\u00a0\u00bb\u00a0 par Mgr Pansard le 23 juin en l&rsquo;\u00e9glise Ste Th\u00e9r\u00e8se \u00e0 Savigny\/Orge.<\/strong><\/span><\/p>\n<p><span style=\"background-color: #ffff99;\"><strong><span style=\"font-size: 20px; color: #ff0000; background-color: #ffff99;\">\u00a0 \u00a0 \u00a0 \u00a0 \u00a0 \u00a0 \u00a0 \u00a0 \u00a0 \u00a0 \u00a0 \u00a0 \u00a0 Attention : Messe \u00e0 10h30<\/span><\/strong><\/span><\/p>\n<p><span style=\"font-size: 20px;\">Baptis\u00e9 enfant, mais sans aucune \u00e9ducation religieuse, Christophe se lance dans un parcours de cat\u00e9chum\u00e9nat \u00e0<\/span><\/p>\n<p><span style=\"font-size: 20px;\">24 ans apr\u00e8s une conversion fulgurante. Il re\u00e7oit l\u2019eucharistie et la confirmation.<a href=\"https:\/\/evry.catholique.fr\/diacre-permanent-christophe-sonzogni\/\"><img fetchpriority=\"high\" decoding=\"async\" class=\"size-medium wp-image-7369 aligncenter\" src=\"https:\/\/www.savigny-viry-catholique.fr\/wp-content\/uploads\/2024\/06\/Christophelaurence-227x300.jpg\" alt=\"\" width=\"227\" height=\"300\" \/><\/a><\/span><\/p>\n<p><a href=\"https:\/\/evry.catholique.fr\/diacre-permanent-christophe-sonzogni\/\"><span style=\"color: #0000ff;\"><strong><span style=\"font-size: 20px;\">Lire son t\u00e9moignage ICI\u00a0<\/span><\/strong><\/span><\/a><\/p>\n<p>&nbsp;<\/p>\n<p><strong><em><span style=\"font-size: 20px; color: #ff0000;\">La c\u00e9l\u00e9bration d\u2019ordination est divis\u00e9e en quatre temps :<img decoding=\"async\" class=\"wp-image-7263 alignright\" src=\"https:\/\/www.savigny-viry-catholique.fr\/wp-content\/uploads\/2024\/04\/2024-diaconat03-300x169.jpg\" alt=\"\" width=\"400\" height=\"225\" \/><\/span><\/em><\/strong><\/p>\n<ul>\n<li><strong><span style=\"font-size: 16px;\">le temps de l\u2019accueil de l\u2019ordinand<\/span><\/strong><\/li>\n<li><strong><span style=\"font-size: 16px;\">le temps de la Parole<\/span><\/strong><\/li>\n<li><strong><span style=\"font-size: 16px;\">le temps de l\u2019ordination<\/span><\/strong><\/li>\n<li><strong><span style=\"font-size: 16px;\">et le temps de l\u2019Eucharistie.<\/span><\/strong><\/li>\n<\/ul>\n<p>&nbsp;<\/p>\n<p><span style=\"font-size: 16px;\">Actuellement il y a 29 diacres permanents qui ont une activit\u00e9 pastorale dans le dioc\u00e8se d&rsquo;Evry-Corbeil-Essonnes.<\/span><\/p>\n<div class=\"spotlight01\">\n<p><img loading=\"lazy\" decoding=\"async\" class=\"alignleft wp-image-7258 \" src=\"https:\/\/www.savigny-viry-catholique.fr\/wp-content\/uploads\/2024\/04\/2024-diaconat.jpg\" alt=\"\" width=\"464\" height=\"397\" \/><strong><span style=\"font-size: 20px; color: #0000ff;\">Le 21 novembre 2024 marque la date du 60<sup>\u00e8me<\/sup>\u00a0anniversaire de la publication de la constitution dogmatique sur l\u2019\u00c9glise.<\/span><\/strong><\/p>\n<\/div>\n<p><span style=\"color: #000000; font-size: 16px;\">Dans\u00a0<em>Lumen gentium (LG)<\/em>,(\u00ab Lumi\u00e8re des nations \u00bb, la\u00a0<b><a title=\"\" href=\"https:\/\/fr.wikipedia.org\/wiki\/Constitution_dogmatique\">constitution dogmatique <\/a><\/b>sur l&rsquo;\u00c9glise, acte solennel r\u00e9dig\u00e9 lors du concile Vatican II ),\u00a0 le num\u00e9ro 29 propose le r\u00e9tablissement du diaconat permanent :<strong><br \/>\n<\/strong><\/span><\/p>\n<p><em><strong><span style=\"color: #000000; font-size: 16px;\">\u00ab\u00a0Au degr\u00e9 inf\u00e9rieur de la hi\u00e9rarchie, se trouvent les diacres auxquels on a impos\u00e9 les mains \u00ab\u00a0non pas en vue du\u00a0<a class=\"glossary-term\" style=\"color: #000000;\" title=\"Etat de celui qui a re\u00e7u le sacrement de l'ordre.\" href=\"https:\/\/eglise.catholique.fr\/glossaire\/sacerdoce\">sacerdoce<\/a>, mais en vue du service\u00a0\u00bb. La gr\u00e2ce sacramentelle, en effet, leur donne la force n\u00e9cessaire pour servir le peuple de Dieu dans la \u2018\u2019diaconie\u2019\u2019 de la\u00a0<a class=\"glossary-term\" style=\"color: #000000;\" title=\"Culte public qui englobe l'ensemble de la pri\u00e8re de l'Eglise et les c\u00e9l\u00e9brations sacramentelles.\" href=\"https:\/\/eglise.catholique.fr\/glossaire\/liturgie\">liturgie<\/a>, de la parole et de la\u00a0<a class=\"glossary-term\" style=\"color: #000000;\" title=\"Amour de Dieu et du prochain.\" href=\"https:\/\/eglise.catholique.fr\/glossaire\/charite\">charit\u00e9<\/a>, en communion avec l\u2019\u00e9v\u00eaque et son presbyterium\u00a0\u00bb. [\u2026]<\/span><\/strong><\/em><\/p>\n<p><span style=\"color: #000000; font-size: 16px;\">pr\u00e9voyant \u00e9galement que :\u00a0<strong><em>\u00ab Le diaconat pourra, dans l\u2019avenir, \u00eatre r\u00e9tabli en tant que degr\u00e9 propre et permanent de la hi\u00e9rarchie\u00a0<\/em>\u00bb \u00e0 l\u2019initiative des groupements territoriaux d\u2019\u00e9v\u00eaques, et que\u00a0<em>\u00ab<span style=\"color: #ff6600;\">\u00a0ce diaconat pourra \u00eatre conf\u00e9r\u00e9 \u00e0 des hommes m\u00fbrs, m\u00eame mari\u00e9s,<\/span> ainsi qu\u2019\u00e0 des jeunes gens aptes \u00e0 cet office, mais pour lesquels la loi du c\u00e9libat doit demeurer ferme\u00a0\u00bb<\/em>.<\/strong><\/span><\/p>\n<p><span style=\"color: #000000; font-size: 16px;\">Pour la France, les \u00e9v\u00eaques ont d\u00e9cid\u00e9 en octobre 1966 et 1967,\u00a0<a style=\"color: #000000;\" href=\"https:\/\/eglise.catholique.fr\/conference-des-eveques-de-france\/cef\/assemblees-plenieres\/\">lors de l\u2019Assembl\u00e9e pl\u00e9ni\u00e8re de l\u2019\u00e9piscopat<\/a>, le r\u00e9tablissement du diaconat permanent, ouvert aux hommes mari\u00e9s, puis en novembre 1968 que \u00ab\u00a0<em>la restauration du diaconat permanent soit pleinement ins\u00e9r\u00e9 dans l\u2019effort missionnaire de l\u2019\u00c9glise de France\u00a0<\/em>\u00bb.<\/span><\/p>\n<h3>Aujourd\u2019hui, 3300 diacres en France<\/h3>\n<p><span style=\"font-size: 16px;\">Les six premiers diacres permanents ont \u00e9t\u00e9 ordonn\u00e9s au printemps 1970. Aujourd\u2019hui, pr\u00e8s de 3300 diacres servent l\u2019\u00c9glise en France (dont environ 120 outre-mer). En 2023, 79 diacres permanents ont \u00e9t\u00e9 ordonn\u00e9s dans 34 dioc\u00e8ses\u00a0; ils \u00e9taient 94 en 2022, 91 en 2021, 72 en 2020. Sur les dix derni\u00e8res ann\u00e9es, la moyenne est de 90 ordinations par an.<\/span><\/p>\n<p><img loading=\"lazy\" decoding=\"async\" class=\"aligncenter wp-image-548932 \" src=\"https:\/\/eglise.catholique.fr\/wp-content\/uploads\/sites\/2\/2024\/01\/Site-EC-infographie-format-court-15.png\" sizes=\"(max-width: 1000px) 100vw, 1000px\" srcset=\"https:\/\/eglise.catholique.fr\/wp-content\/uploads\/sites\/2\/2024\/01\/Site-EC-infographie-format-court-15.png 1000w, https:\/\/eglise.catholique.fr\/wp-content\/uploads\/sites\/2\/2024\/01\/Site-EC-infographie-format-court-15-300x300.png 300w, https:\/\/eglise.catholique.fr\/wp-content\/uploads\/sites\/2\/2024\/01\/Site-EC-infographie-format-court-15-150x150.png 150w\" alt=\"diacres en France\" width=\"352\" height=\"391\" \/><span style=\"font-size: 16px;\">Le diaconat permanent s\u2019est d\u00e9velopp\u00e9 de fa\u00e7on diff\u00e9renci\u00e9e, voire contrast\u00e9e, selon les dioc\u00e8ses. Il n\u2019y a pas de mod\u00e8le unique, mais des cultures diaconales dioc\u00e9saines qui s\u2019enracinent dans la tr\u00e8s grande diversit\u00e9 des dioc\u00e8ses. R\u00e9elle \u00ab\u00a0<em>inculturation<\/em>\u00a0\u00bb dioc\u00e9saine du diaconat, cette diversit\u00e9 est le signe d\u2019une dynamique et d\u2019un minist\u00e8re encore en construction, qui cherche \u00e0 s\u2019adapter aux \u00e9volutions du monde et de l\u2019\u00c9glise, l\u00e0 o\u00f9 il se vit.<\/span><\/p>\n<p><span style=\"font-size: 16px;\">Les diacres sont des acteurs de lien et pourraient jouer\u00a0<a href=\"https:\/\/eglise.catholique.fr\/synode-des-eveques-2024-sur-la-synodalite\/quest-ce-que-le-synode-des-eveques-sur-la-synodalite-2021-2024\/\">un r\u00f4le encore plus important en termes de synodalit\u00e9<\/a>. Ils renouvellent l\u2019attention port\u00e9e par l\u2019\u00c9glise aux plus pauvres et aux plus fragiles, et invitent toute l\u2019\u00c9glise \u00e0 \u00eatre servante et missionnaire, comme en t\u00e9moigne\u00a0par exemple le rassemblement\u00a0<em>Diaconia 2013<\/em>\u00a0et ses suites. Ils encouragent les \u00e9v\u00eaques et les pr\u00eatres, diacres eux aussi, \u00e0 renouveler cette dimension de leur appel.<\/span><\/p>\n<p><span style=\"font-size: 16px;\">Enfin, le diaconat permanent \u2013 dans sa singularit\u00e9 minist\u00e9rielle mais aussi dans ses visages multiples \u2013 doit maintenant \u00eatre envisag\u00e9 en articulation forte avec l\u2019\u00e9volution des minist\u00e8res ordonn\u00e9s et\u00a0la\u00efcs, dont les minist\u00e8res institu\u00e9s, avec la participation large des baptis\u00e9s pour une \u00c9glise missionnaire, plus synodale et plus diaconale.<\/span><\/p>\n<p>(Source : Eglise Catholique en France)<\/p>\n","protected":false},"excerpt":{"rendered":"<p>A l&rsquo;occasion de l&rsquo;ordination diaconale de Christophe Sonzogni, quelques informations compl\u00e9mentaires sur les diacres &#8230;\/&#8230;<\/p>\n","protected":false},"author":990003,"featured_media":7417,"comment_status":"closed","ping_status":"closed","sticky":false,"template":"","format":"standard","meta":{"give_campaign_id":0,"footnotes":""},"categories":[1],"tags":[],"class_list":["post-7255","post","type-post","status-publish","format-standard","has-post-thumbnail","hentry","category-uncategorized"],"_links":{"self":[{"href":"https:\/\/demos.uptitude.fr\/savviry1\/wp-json\/wp\/v2\/posts\/7255","targetHints":{"allow":["GET"]}}],"collection":[{"href":"https:\/\/demos.uptitude.fr\/savviry1\/wp-json\/wp\/v2\/posts"}],"about":[{"href":"https:\/\/demos.uptitude.fr\/savviry1\/wp-json\/wp\/v2\/types\/post"}],"author":[{"embeddable":true,"href":"https:\/\/demos.uptitude.fr\/savviry1\/wp-json\/wp\/v2\/users\/990003"}],"replies":[{"embeddable":true,"href":"https:\/\/demos.uptitude.fr\/savviry1\/wp-json\/wp\/v2\/comments?post=7255"}],"version-history":[{"count":0,"href":"https:\/\/demos.uptitude.fr\/savviry1\/wp-json\/wp\/v2\/posts\/7255\/revisions"}],"wp:featuredmedia":[{"embeddable":true,"href":"https:\/\/demos.uptitude.fr\/savviry1\/wp-json\/"}],"wp:attachment":[{"href":"https:\/\/demos.uptitude.fr\/savviry1\/wp-json\/wp\/v2\/media?parent=7255"}],"wp:term":[{"taxonomy":"category","embeddable":true,"href":"https:\/\/demos.uptitude.fr\/savviry1\/wp-json\/wp\/v2\/categories?post=7255"},{"taxonomy":"post_tag","embeddable":true,"href":"https:\/\/demos.uptitude.fr\/savviry1\/wp-json\/wp\/v2\/tags?post=7255"}],"curies":[{"name":"wp","href":"https:\/\/api.w.org\/{rel}","templated":true}]}}