{"id":7274,"date":"2024-05-03T09:14:36","date_gmt":"2024-05-03T09:14:36","guid":{"rendered":"https:\/\/www.savigny-viry-catholique.fr\/?p=7274"},"modified":"2024-05-03T09:14:36","modified_gmt":"2024-05-03T09:14:36","slug":"journee-mondiale-de-la-communication","status":"publish","type":"post","link":"https:\/\/demos.uptitude.fr\/savviry1\/journee-mondiale-de-la-communication\/","title":{"rendered":"Journ\u00e9e mondiale de la communication"},"content":{"rendered":"<p>12 mai : l&rsquo;intelligence artificielle, th\u00e8me de la journ\u00e9e mondiale des communications sociales &#8230;\/&#8230;<\/p>\n<p><!--more--><\/p>\n<div><span style=\"font-size: 16px;\">Chaque ann\u00e9e, depuis le concile Vatican II, les catholiques sont invit\u00e9s \u00e0 participer \u00e0 la \u00ab Journ\u00e9e Mondiale des Communications Sociales \u00bb. cette ann\u00e9e, le 12 mai.<\/span><\/div>\n<div><\/div>\n<div><span style=\"font-size: 16px;\"> <img fetchpriority=\"high\" decoding=\"async\" class=\"size-full wp-image-7282 alignleft\" src=\"https:\/\/www.savigny-viry-catholique.fr\/wp-content\/uploads\/2024\/05\/2024-Comm-sociale.jpg\" alt=\"\" width=\"243\" height=\"207\" \/><\/span><\/div>\n<div><\/div>\n<div><span style=\"font-size: 16px;\">L\u2019\u00e9v\u00e9nement, qui se d\u00e9cline le dimanche entre l\u2019Ascension et la Pentec\u00f4te, appel\u00e9e en France <a href=\"https:\/\/evry.catholique.fr\/journee-mondiale-des-communications-sociales-2024\/\"><span style=\"color: #0000ff;\"><strong>\u00ab\u00a0Journ\u00e9e Mondiale de la Communication\u00a0\u00bb<\/strong><\/span><\/a> a pour objectif de mieux faire conna\u00eetre les moyens de communication au niveau des paroisses, des dioc\u00e8ses et des services de l\u2019Eglise catholique.<\/span><\/div>\n<div>\n<p><span style=\"font-size: 16px;\">Elle fournit l\u2019occasion de r\u00e9fl\u00e9chir aux opportunit\u00e9s et aux d\u00e9fis que l\u2019\u00c9glise d\u00e9couvre en communiquant le message de l\u2019\u00c9vangile dans les m\u00e9dias.<\/span><\/p>\n<p><span style=\"font-size: 16px;\">Au cours de cette journ\u00e9e plac\u00e9e sous l\u2019\u00e9gide de la communication, les chr\u00e9tiens sont invit\u00e9s \u00e0 d\u00e9couvrir les m\u00e9dias et les supports de communication propos\u00e9s par l\u2019Eglise, \u00e0 prier pour les hommes et les femmes professionnels de la communication, \u00e0 r\u00e9colter des fonds pour soutenir les services dioc\u00e9sains de l\u2019information et de la communication.<\/span><\/p>\n<\/div>\n<p>&nbsp;<\/p>\n<p>&nbsp;<\/p>\n<div>\n<p><a href=\"https:\/\/www.vatican.va\/content\/francesco\/fr\/messages\/communications\/documents\/20240124-messaggio-comunicazioni-sociali.html\"><span style=\"font-size: 16px;\"><strong><em><img decoding=\"async\" class=\"size-full wp-image-7283 alignleft\" src=\"https:\/\/www.savigny-viry-catholique.fr\/wp-content\/uploads\/2024\/05\/2024-Comm-IA.jpg\" alt=\"\" width=\"299\" height=\"168\" \/><\/em><\/strong><\/span><\/a><\/p>\n<p><a href=\"https:\/\/www.vatican.va\/content\/francesco\/fr\/messages\/communications\/documents\/20240124-messaggio-comunicazioni-sociali.html\"><span style=\"font-size: 16px;\"><strong><em>Message du pape pour la 58e Journ\u00e9e mondiale des communications<\/em><\/strong><\/span><\/a><\/p>\n<p><span style=\"font-size: 16px;\"><a href=\"https:\/\/www.cloudflare.com\/fr\/learning\/bots\/what-is-a-social-media-bot\/\"><strong><em>Qu\u2019est-ce qu\u2019un\u00a0bot\u00a0des r\u00e9seaux sociaux\u00a0?<\/em><\/strong><\/a><\/span><\/p>\n<p><a href=\"https:\/\/www.vaticannews.va\/fr\/pape\/news\/2023-12\/francois-met-en-garde-contre-les-risques-de-l-ai-pour-la-paix.html\"><span style=\"font-size: 16px;\"><strong><em>Message du pape sur l\u2019intelligence artificielle et la Paix<\/em><\/strong><\/span><\/a><\/p>\n<\/div>\n","protected":false},"excerpt":{"rendered":"<p>12 mai : l&rsquo;intelligence artificielle, th\u00e8me de la journ\u00e9e mondiale des communications sociales &#8230;\/&#8230;<\/p>\n","protected":false},"author":990003,"featured_media":7285,"comment_status":"closed","ping_status":"closed","sticky":false,"template":"","format":"standard","meta":{"give_campaign_id":0,"footnotes":""},"categories":[1],"tags":[],"class_list":["post-7274","post","type-post","status-publish","format-standard","has-post-thumbnail","hentry","category-uncategorized"],"_links":{"self":[{"href":"https:\/\/demos.uptitude.fr\/savviry1\/wp-json\/wp\/v2\/posts\/7274","targetHints":{"allow":["GET"]}}],"collection":[{"href":"https:\/\/demos.uptitude.fr\/savviry1\/wp-json\/wp\/v2\/posts"}],"about":[{"href":"https:\/\/demos.uptitude.fr\/savviry1\/wp-json\/wp\/v2\/types\/post"}],"author":[{"embeddable":true,"href":"https:\/\/demos.uptitude.fr\/savviry1\/wp-json\/wp\/v2\/users\/990003"}],"replies":[{"embeddable":true,"href":"https:\/\/demos.uptitude.fr\/savviry1\/wp-json\/wp\/v2\/comments?post=7274"}],"version-history":[{"count":0,"href":"https:\/\/demos.uptitude.fr\/savviry1\/wp-json\/wp\/v2\/posts\/7274\/revisions"}],"wp:featuredmedia":[{"embeddable":true,"href":"https:\/\/demos.uptitude.fr\/savviry1\/wp-json\/"}],"wp:attachment":[{"href":"https:\/\/demos.uptitude.fr\/savviry1\/wp-json\/wp\/v2\/media?parent=7274"}],"wp:term":[{"taxonomy":"category","embeddable":true,"href":"https:\/\/demos.uptitude.fr\/savviry1\/wp-json\/wp\/v2\/categories?post=7274"},{"taxonomy":"post_tag","embeddable":true,"href":"https:\/\/demos.uptitude.fr\/savviry1\/wp-json\/wp\/v2\/tags?post=7274"}],"curies":[{"name":"wp","href":"https:\/\/api.w.org\/{rel}","templated":true}]}}