{"id":7298,"date":"2024-05-02T21:48:09","date_gmt":"2024-05-02T21:48:09","guid":{"rendered":"https:\/\/www.savigny-viry-catholique.fr\/?p=7298"},"modified":"2024-05-02T21:48:09","modified_gmt":"2024-05-02T21:48:09","slug":"une-journee-de-solidarite-avec-les-chretiens-dorient","status":"publish","type":"post","link":"https:\/\/demos.uptitude.fr\/savviry1\/une-journee-de-solidarite-avec-les-chretiens-dorient\/","title":{"rendered":"Une journ\u00e9e de solidarit\u00e9  avec les chr\u00e9tiens d\u2019Orient"},"content":{"rendered":"<p>Dimanche 5 mai aura lieu la Journ\u00e9e internationale des chr\u00e9tiens d\u2019Orient. L\u2019occasion de mieux les conna\u00eetre, de prier pour eux et avec eux &#8230;\/&#8230;<\/p>\n<p><!--more--><\/p>\n<p>&nbsp;<\/p>\n<h3>Pourquoi une Journ\u00e9e des chr\u00e9tiens d\u2019Orient ?<\/h3>\n<div><\/div>\n<blockquote>\n<div class=\"o9v6fnle cxmmr5t8 oygrvhab hcukyx3x c1et5uql\"><span style=\"font-size: 20px; color: #0000ff;\"><strong>\u00ab\u00a0L\u2019histoire des chr\u00e9tiens d\u2019Orient est l\u2019histoire de notre civilisation, celle des \u00c9gyptiens et des M\u00e9sopotamiens, de la\u00a0<a class=\"glossary-term\" style=\"color: #0000ff;\" title=\"L'Ancien et le Nouveau Testament, avant et depuis J\u00e9sus-Christ.\" href=\"https:\/\/eglise.catholique.fr\/glossaire\/bible\">Bible<\/a>, des Grecs et des Romains ; une histoire sans laquelle l\u2019Europe ne pourrait se comprendre elle-m\u00eame.\u00a0\u00bb (Mgr Pascal Gollnisch).<\/strong><\/span><\/div>\n<\/blockquote>\n<div><\/div>\n<div class=\"o9v6fnle cxmmr5t8 oygrvhab hcukyx3x c1et5uql\"><span style=\"font-size: 16px;\">L\u2019Europe, et la France en premier lieu, est intimement li\u00e9e \u00e0 la chr\u00e9tient\u00e9 orientale. Cette journ\u00e9e est un moyen de renforcer les liens entre les chr\u00e9tiens d\u2019Occident et les chr\u00e9tiens d\u2019Orient. Les chr\u00e9tiens d\u2019Orient sont eux aussi invit\u00e9s \u00e0 s\u2019unir par la pri\u00e8re et interc\u00e9der pour la France et pour la paix dans le monde.<\/span><\/div>\n<div><\/div>\n<div class=\"o9v6fnle cxmmr5t8 oygrvhab hcukyx3x c1et5uql\"><span style=\"font-size: 16px;\">Ils ont connu depuis plusieurs d\u00e9cennies de terribles \u00e9preuves, ils subissent les nombreuses pers\u00e9cutions que nous connaissons. Aujourd\u2019hui ils r\u00e9sistent sur leurs terres pour transmettre cette m\u00eame foi \u00e0 leurs enfants. L\u2019<em>\u0152uvre\u00a0d\u2019Orient<\/em>\u00a0place cette journ\u00e9e sous le signe de l\u2019<a class=\"glossary-term\" title=\"Confiance dans les promesses du Christ.\" href=\"https:\/\/eglise.catholique.fr\/glossaire\/esperance\">Esp\u00e9rance<\/a>, pour la France et l\u2019Orient. (source : Eglise catholique de France)<\/span><\/div>\n<div><\/div>\n<div>\n<p><img fetchpriority=\"high\" decoding=\"async\" class=\"alignnone wp-image-7296 size-full\" src=\"https:\/\/www.savigny-viry-catholique.fr\/wp-content\/uploads\/2024\/05\/Chretien-orient-02.jpg\" alt=\"\" width=\"671\" height=\"232\" \/><\/p>\n<p><span style=\"font-size: 16px;\"><strong>Mgr Pascal Gollnisch, directeur g\u00e9n\u00e9ral de l\u2019\u0152uvre d\u2019Orient,\u00a0 nous adresse ce message :<\/strong><\/span><\/p>\n<p><span style=\"font-size: 16px;\">\u00ab\u00a0Cette ann\u00e9e encore, apr\u00e8s l\u2019Irak, l\u2019Ukraine et le Liban, j\u2019ai eu la grande joie d\u2019accompagner une d\u00e9l\u00e9gation d\u2019\u00e9v\u00eaques de France en \u00c9gypte. Ils sont rentr\u00e9s persuad\u00e9s que ces pays vivaient de mani\u00e8re exacerb\u00e9e des tensions et des d\u00e9fis qui traversent nos soci\u00e9t\u00e9s europ\u00e9ennes.\u00a0Et que ce qui s\u2019y jouait comptait pour l\u2019humanit\u00e9 enti\u00e8re.<\/span><\/p>\n<p><span style=\"font-size: 16px;\">Dans l\u2019\u00e9lan des\u00a0JMJ et des rencontres m\u00e9diterran\u00e9ennes de Marseille avec le Pape Fran\u00e7ois, nous souhaitons que cette journ\u00e9e soit v\u00e9cue toujours plus en profondeur de part et d\u2019autre de la M\u00e9diterran\u00e9e. Pour l\u2019\u0152uvre d\u2019Orient, l\u2019essentiel sera toujours la spiritualit\u00e9. La foi, la pri\u00e8re, la charit\u00e9 \u00e9vang\u00e9lique, l\u2019esp\u00e9rance seront toujours le premier facteur de paix, celui qui permettra de reconna\u00eetre la grandeur de tout \u00eatre humain.<\/span><\/p>\n<p><span style=\"font-size: 16px;\">Ce dimanche 5 mai nous vous proposons de porter dans la pri\u00e8re universelle cette intention :<\/span><\/p>\n<p><span style=\"font-size: 16px;\"><em>\u00a0\u00ab\u00a0Seigneur, en cette journ\u00e9e des chr\u00e9tiens d\u2019Orient, nous Te prions pour la paix dans le monde. Donne \u00e0 nos fr\u00e8res et s\u0153urs d\u2019Orient de garder l\u2019esp\u00e9rance et de croire en un avenir possible sur leurs terres. Amen.\u00a0\u00bb<\/em><\/span><\/p>\n<p><span style=\"font-size: 16px;\">Nous serons particuli\u00e8rement unis\u00a0dans la pri\u00e8re lors de la messe, pr\u00e9sid\u00e9e par Mgr Rafic Nahra, en direct\u00a0<a href=\"https:\/\/4uq9p.r.a.d.sendibm1.com\/mk\/cl\/f\/sh\/1t6Af4OiGsF30rS1QGhf0IuI6HUtxi\/5kxLbrbRo-jN\">sur KTO t\u00e9l\u00e9vision<\/a>\u00a0le\u00a05 mai \u00e0 15h30. On me dit que beaucoup d\u2019\u00e9l\u00e9ments de communication sont \u00e0 disposition pour relayer cette journ\u00e9e de pri\u00e8re sur les r\u00e9seaux sociaux,\u00a0<a href=\"https:\/\/4uq9p.r.a.d.sendibm1.com\/mk\/cl\/f\/sh\/1t6Af4OiGsFVLZeRocnaAYy7U6Tdfm\/7YuNiyur40sH\">n\u2019h\u00e9sitez pas \u00e0 les partager autour de vous.<\/a><\/span><\/p>\n<p><span style=\"font-size: 16px;\">Je vous prie de croire \u00e0 ma pri\u00e8re et \u00e0 mes sentiments d\u00e9vou\u00e9s.\u00a0\u00bb<\/span><\/p>\n<p><a href=\"https:\/\/oeuvre-orient.fr\/vivre-la-journee-des-chretiens-dorient\/\"><span style=\"font-size: 16px; color: #0000ff;\"><em><strong>Pour en savoir plus, cliquer ICI<\/strong><\/em><\/span><\/a><\/p>\n<p><img decoding=\"async\" class=\"alignnone size-medium wp-image-7297\" src=\"https:\/\/www.savigny-viry-catholique.fr\/wp-content\/uploads\/2024\/05\/chretien-orient-300x300.jpg\" alt=\"\" width=\"300\" height=\"300\" \/><\/p>\n<\/div>\n","protected":false},"excerpt":{"rendered":"<p>Dimanche 5 mai aura lieu la Journ\u00e9e internationale des chr\u00e9tiens d\u2019Orient. L\u2019occasion de mieux les conna\u00eetre, de prier pour eux et avec eux &#8230;\/&#8230;<\/p>\n","protected":false},"author":990003,"featured_media":7304,"comment_status":"closed","ping_status":"closed","sticky":false,"template":"","format":"standard","meta":{"give_campaign_id":0,"footnotes":""},"categories":[1],"tags":[],"class_list":["post-7298","post","type-post","status-publish","format-standard","has-post-thumbnail","hentry","category-uncategorized"],"_links":{"self":[{"href":"https:\/\/demos.uptitude.fr\/savviry1\/wp-json\/wp\/v2\/posts\/7298","targetHints":{"allow":["GET"]}}],"collection":[{"href":"https:\/\/demos.uptitude.fr\/savviry1\/wp-json\/wp\/v2\/posts"}],"about":[{"href":"https:\/\/demos.uptitude.fr\/savviry1\/wp-json\/wp\/v2\/types\/post"}],"author":[{"embeddable":true,"href":"https:\/\/demos.uptitude.fr\/savviry1\/wp-json\/wp\/v2\/users\/990003"}],"replies":[{"embeddable":true,"href":"https:\/\/demos.uptitude.fr\/savviry1\/wp-json\/wp\/v2\/comments?post=7298"}],"version-history":[{"count":0,"href":"https:\/\/demos.uptitude.fr\/savviry1\/wp-json\/wp\/v2\/posts\/7298\/revisions"}],"wp:featuredmedia":[{"embeddable":true,"href":"https:\/\/demos.uptitude.fr\/savviry1\/wp-json\/"}],"wp:attachment":[{"href":"https:\/\/demos.uptitude.fr\/savviry1\/wp-json\/wp\/v2\/media?parent=7298"}],"wp:term":[{"taxonomy":"category","embeddable":true,"href":"https:\/\/demos.uptitude.fr\/savviry1\/wp-json\/wp\/v2\/categories?post=7298"},{"taxonomy":"post_tag","embeddable":true,"href":"https:\/\/demos.uptitude.fr\/savviry1\/wp-json\/wp\/v2\/tags?post=7298"}],"curies":[{"name":"wp","href":"https:\/\/api.w.org\/{rel}","templated":true}]}}