{"id":7307,"date":"2024-06-28T17:05:36","date_gmt":"2024-06-28T17:05:36","guid":{"rendered":"https:\/\/www.savigny-viry-catholique.fr\/?p=7307"},"modified":"2024-06-28T17:05:36","modified_gmt":"2024-06-28T17:05:36","slug":"horaires-dete","status":"publish","type":"post","link":"https:\/\/demos.uptitude.fr\/savviry1\/horaires-dete\/","title":{"rendered":"Horaires d&rsquo;\u00e9t\u00e9"},"content":{"rendered":"<p>Du samedi 6 juillet au dimanche 1er septembre inclus, les horaires des messes sont modifi\u00e9es &#8230;\/&#8230;<\/p>\n<p><!--more--><\/p>\n<p>&nbsp;<\/p>\n<p><img fetchpriority=\"high\" decoding=\"async\" class=\"alignnone wp-image-7313\" src=\"https:\/\/www.savigny-viry-catholique.fr\/wp-content\/uploads\/2024\/05\/Horaires_ete2024.jpg\" alt=\"\" width=\"500\" height=\"233\" \/><\/p>\n<p><span style=\"font-size: 24px;\"><strong>A SAVIGNY :<\/strong><\/span><\/p>\n<p><span style=\"font-size: 20px;\"><strong>Les <span style=\"color: #0000ff;\">samedis,<\/span> \u00e9glise <span style=\"color: #0000ff;\">Ste Th\u00e9r\u00e8se \u00e0 18h30<\/span><\/strong><\/span><\/p>\n<p><span style=\"font-size: 20px;\"><strong>Les <span style=\"color: #993300;\"><span style=\"color: #ff00ff;\">dimanches<\/span>,<\/span> \u00e9glise <span style=\"color: #ff00ff;\">St Martin \u00e0 10h30<\/span><\/strong><\/span><\/p>\n<p>&nbsp;<\/p>\n<p><strong><span style=\"font-size: 16px;\">Messes en semaine\u00a0 : les mardis, \u00e0 l&rsquo;\u00e9glise St Martin \u00e0 9h00<\/span><\/strong><\/p>\n<p><strong><span style=\"font-size: 16px;\">\u00a0 \u00a0 \u00a0 \u00a0 \u00a0 \u00a0 \u00a0 \u00a0 \u00a0 \u00a0 \u00a0 \u00a0 \u00a0 \u00a0 \u00a0 \u00a0 \u00a0 \u00a0 \u00a0 les jeudis \u00e0 l&rsquo;\u00e9glise Ste Th\u00e9r\u00e8se \u00e0 9h00<\/span><\/strong><\/p>\n<p>&nbsp;<\/p>\n<p><strong><span style=\"font-size: 24px;\">A VIRY-CHATILLON<\/span><\/strong><\/p>\n<div dir=\"ltr\"><\/div>\n<div dir=\"ltr\">\n<div>\n<div dir=\"ltr\">\n<div><span style=\"font-size: 20px; color: #993300; background-color: #33cccc;\"><b>Mois de juillet : <\/b><b>Messes dominicales<\/b> :\u00a0<\/span><\/div>\n<\/div>\n<div><\/div>\n<div dir=\"ltr\">\n<div><strong><span style=\"font-size: 20px;\">Les <span style=\"color: #ff6600;\">samedis<\/span> \u00e9glise<span style=\"color: #3366ff;\"> Notre Dame des cit\u00e9s \u00e0 18h30<\/span><\/span><\/strong><\/div>\n<\/div>\n<\/div>\n<\/div>\n<div><\/div>\n<div><\/div>\n<div dir=\"ltr\">\n<div>\n<div dir=\"ltr\">\n<div><span style=\"font-size: 20px;\"><strong>Les <\/strong><strong><span style=\"color: #ff00ff;\">dimanches <span style=\"color: #000000;\">\u00e9glise du <\/span><\/span><\/strong><span style=\"color: #ff00ff;\"><strong>Saint-Esprit\u00a0 \u00e0 11h00<\/strong><\/span><\/span><\/div>\n<\/div>\n<\/div>\n<\/div>\n<div><\/div>\n<div><\/div>\n<div dir=\"ltr\">\n<div>\n<div dir=\"ltr\">\n<div><span style=\"font-size: 20px;\">Les dimanches \u00e0 10h00 \u00e0 l&rsquo;\u00e9glise Notre Dame des Cit\u00e9s : c\u00e9l\u00e9bration en latin\u00a0<\/span><\/div>\n<\/div>\n<div><\/div>\n<\/div>\n<\/div>\n<div>&#8212;&#8212;&#8212;&#8212;&#8212;&#8212;&#8212;&#8212;&#8212;&#8212;&#8212;&#8212;&#8212;&#8212;&#8212;&#8212;&#8212;&#8212;&#8212;&#8212;&#8212;&#8212;&#8212;&#8212;&#8212;&#8212;&#8212;&#8212;&#8212;&#8212;&#8212;&#8212;&#8212;&#8212;&#8212;&#8212;&#8212;&#8212;&#8212;&#8212;&#8212;&#8212;&#8212;&#8212;&#8212;&#8212;&#8212;&#8212;&#8212;&#8211;<\/div>\n<div><\/div>\n<div><\/div>\n<div dir=\"ltr\">\n<div>\n<div dir=\"ltr\">\n<div><span style=\"background-color: #99ccff;\"><span style=\"font-size: 20px; background-color: #99ccff;\"><b>M<\/b><\/span><span style=\"font-size: 20px; background-color: #99ccff;\"><b>ois d&rsquo;ao\u00fbt : Messes dominicales<\/b><\/span><\/span><\/div>\n<div><\/div>\n<div><span style=\"font-size: 20px;\"><strong>Les <\/strong><strong><span style=\"color: #ff6600;\">samedis <\/span><\/strong><strong>\u00e9glise <span style=\"color: #0000ff;\">Sainte Bernadette\u00a0<\/span> <span style=\"color: #0000ff;\">\u00e0 18h30<\/span><\/strong><\/span><\/div>\n<\/div>\n<\/div>\n<\/div>\n<div><\/div>\n<div><\/div>\n<div dir=\"ltr\">\n<div>\n<div><strong><span style=\"font-size: 20px;\">Les <span style=\"color: #ff00ff;\">dimanches<\/span> \u00e9glise du <span style=\"color: #ff00ff;\">Saint Esprit\u00a0 \u00e0 11h00<\/span><\/span><\/strong><\/div>\n<\/div>\n<\/div>\n<div><\/div>\n<div><\/div>\n<div dir=\"ltr\">\n<div>\n<div dir=\"ltr\">\n<div><span style=\"font-size: 20px;\">Les dimanche \u00e0 10h00 \u00e0 l&rsquo;\u00e9glise Notre Dame des Cit\u00e9s : c\u00e9l\u00e9bration en latin\u00a0<\/span><\/div>\n<\/div>\n<div><\/div>\n<div>&#8212;&#8212;&#8212;&#8212;&#8212;&#8212;&#8212;&#8212;&#8212;&#8212;&#8212;&#8212;&#8212;&#8212;&#8212;&#8212;&#8212;&#8212;&#8212;&#8212;&#8212;&#8212;&#8212;&#8212;&#8212;&#8212;&#8212;&#8212;&#8212;&#8212;&#8212;&#8212;&#8212;&#8212;&#8212;&#8211;<\/div>\n<div dir=\"ltr\">\n<div><\/div>\n<div><span style=\"font-size: 20px;\"><b>En semaine juillet et ao\u00fbt<\/b><\/span><\/div>\n<div><span style=\"font-size: 20px;\"><strong>Mercredi \u00e0 Ste Bernadette \u00e0 18h00<\/strong><\/span><\/div>\n<div><span style=\"font-size: 20px;\"><strong>Vendredi \u00e0 Notre Dame des Cit\u00e9s \u00e0 18h00<\/strong><\/span><\/div>\n<\/div>\n<\/div>\n<\/div>\n<p>&nbsp;<\/p>\n<p><img decoding=\"async\" class=\"alignright wp-image-7486\" src=\"https:\/\/www.savigny-viry-catholique.fr\/wp-content\/uploads\/2024\/06\/Horaires15aout24-copie.jpg\" alt=\"\" width=\"600\" height=\"265\" \/><\/p>\n<p><img decoding=\"async\" class=\"alignleft wp-image-6440\" src=\"https:\/\/www.savigny-viry-catholique.fr\/wp-content\/uploads\/2023\/07\/NDdEsperance-Savigny_orge-02-V1-747x1024.jpg\" alt=\"\" width=\"350\" height=\"480\" \/><\/p>\n<p>&nbsp;<\/p>\n","protected":false},"excerpt":{"rendered":"<p>Du samedi 6 juillet au dimanche 1er septembre inclus, les horaires des messes sont modifi\u00e9es &#8230;\/&#8230;<\/p>\n","protected":false},"author":990003,"featured_media":7310,"comment_status":"closed","ping_status":"closed","sticky":false,"template":"","format":"standard","meta":{"give_campaign_id":0,"footnotes":""},"categories":[1],"tags":[],"class_list":["post-7307","post","type-post","status-publish","format-standard","has-post-thumbnail","hentry","category-uncategorized"],"_links":{"self":[{"href":"https:\/\/demos.uptitude.fr\/savviry1\/wp-json\/wp\/v2\/posts\/7307","targetHints":{"allow":["GET"]}}],"collection":[{"href":"https:\/\/demos.uptitude.fr\/savviry1\/wp-json\/wp\/v2\/posts"}],"about":[{"href":"https:\/\/demos.uptitude.fr\/savviry1\/wp-json\/wp\/v2\/types\/post"}],"author":[{"embeddable":true,"href":"https:\/\/demos.uptitude.fr\/savviry1\/wp-json\/wp\/v2\/users\/990003"}],"replies":[{"embeddable":true,"href":"https:\/\/demos.uptitude.fr\/savviry1\/wp-json\/wp\/v2\/comments?post=7307"}],"version-history":[{"count":0,"href":"https:\/\/demos.uptitude.fr\/savviry1\/wp-json\/wp\/v2\/posts\/7307\/revisions"}],"wp:featuredmedia":[{"embeddable":true,"href":"https:\/\/demos.uptitude.fr\/savviry1\/wp-json\/"}],"wp:attachment":[{"href":"https:\/\/demos.uptitude.fr\/savviry1\/wp-json\/wp\/v2\/media?parent=7307"}],"wp:term":[{"taxonomy":"category","embeddable":true,"href":"https:\/\/demos.uptitude.fr\/savviry1\/wp-json\/wp\/v2\/categories?post=7307"},{"taxonomy":"post_tag","embeddable":true,"href":"https:\/\/demos.uptitude.fr\/savviry1\/wp-json\/wp\/v2\/tags?post=7307"}],"curies":[{"name":"wp","href":"https:\/\/api.w.org\/{rel}","templated":true}]}}