{"id":7334,"date":"2024-05-23T15:46:25","date_gmt":"2024-05-23T15:46:25","guid":{"rendered":"https:\/\/www.savigny-viry-catholique.fr\/?p=7334"},"modified":"2024-05-23T15:46:25","modified_gmt":"2024-05-23T15:46:25","slug":"concert-du-2-juin-eglise-ste-therese","status":"publish","type":"post","link":"https:\/\/demos.uptitude.fr\/savviry1\/concert-du-2-juin-eglise-ste-therese\/","title":{"rendered":"Concert du 2 juin &#8211; Eglise Ste Th\u00e9r\u00e8se"},"content":{"rendered":"<p>L&rsquo;Ensemble Choral des Portes de l&rsquo;Essonne donne un concert \u00e0 17h00, \u00e9glise Ste th\u00e9r\u00e8se &#8230;\/&#8230;<\/p>\n<p><!--more--><\/p>\n<p><span style=\"font-size: 16px;\"><span style=\"font-size: 20px;\"><strong><img fetchpriority=\"high\" decoding=\"async\" class=\"alignleft wp-image-7337\" src=\"https:\/\/www.savigny-viry-catholique.fr\/wp-content\/uploads\/2024\/05\/ZECPE-Affiche-Juin2024-724x1024.jpg\" alt=\"\" width=\"500\" height=\"707\" \/><\/strong><\/span><\/span><\/p>\n<p>&nbsp;<\/p>\n<p>&nbsp;<\/p>\n<p>&nbsp;<\/p>\n<p style=\"text-align: justify;\"><span style=\"font-size: 16px;\"><span style=\"font-size: 20px;\"><strong>L&rsquo;Ensemble Choral des Portes de l&rsquo;Essonne<\/strong><\/span> met Joseph Haydn \u00e0 l&rsquo;Honneur en interpr\u00e9tant deux de ses \u0153uvres majeures.<\/span><br \/>\n<span style=\"font-size: 16px;\"><strong><span style=\"color: #0000ff;\">\u00ab\u00a0Te Deum\u00a0\u00bb-<\/span> <\/strong>Cette composition c\u00e9l\u00e8bre la grandeur divine \u00e0 travers une musique riche et solennelle.<\/span><\/p>\n<p style=\"text-align: justify;\"><span style=\"font-size: 16px;\"><strong><span style=\"color: #0000ff;\">La messe \u00ab\u00a0Nelson\u00a0\u00bb<\/span><\/strong>&#8211; Elle tire son nom de Lord Nelson, h\u00e9ros britannique de la bataille du Nil, \u00e0 qui elle est d\u00e9di\u00e9e. HAYDN d\u00e9ploie toute sa ma\u00eetrise de l&rsquo;orchestration pour magnifier le texte liturgique avec des sonorit\u00e9s riches et vari\u00e9es. La messe \u00ab\u00a0Nelson \u00ab\u00a0est une \u0153uvre embl\u00e9matique du r\u00e9pertoire choral, c\u00e9l\u00e9br\u00e9e pour sa profondeur \u00e9motionnelle et son impact musical durable.<\/span><\/p>\n<p>&nbsp;<\/p>\n<p><em><strong><span style=\"font-size: 16px;\">RDV \u00e0 17h00 le 2 juin, \u00e9glise Ste Th\u00e9r\u00e8se de Savigny sur Orge<\/span><\/strong><\/em><\/p>\n","protected":false},"excerpt":{"rendered":"<p>L&rsquo;Ensemble Choral des Portes de l&rsquo;Essonne donne un concert \u00e0 17h00, \u00e9glise Ste th\u00e9r\u00e8se &#8230;\/&#8230;<\/p>\n","protected":false},"author":990003,"featured_media":7336,"comment_status":"closed","ping_status":"closed","sticky":false,"template":"","format":"standard","meta":{"give_campaign_id":0,"footnotes":""},"categories":[1],"tags":[],"class_list":["post-7334","post","type-post","status-publish","format-standard","has-post-thumbnail","hentry","category-uncategorized"],"_links":{"self":[{"href":"https:\/\/demos.uptitude.fr\/savviry1\/wp-json\/wp\/v2\/posts\/7334","targetHints":{"allow":["GET"]}}],"collection":[{"href":"https:\/\/demos.uptitude.fr\/savviry1\/wp-json\/wp\/v2\/posts"}],"about":[{"href":"https:\/\/demos.uptitude.fr\/savviry1\/wp-json\/wp\/v2\/types\/post"}],"author":[{"embeddable":true,"href":"https:\/\/demos.uptitude.fr\/savviry1\/wp-json\/wp\/v2\/users\/990003"}],"replies":[{"embeddable":true,"href":"https:\/\/demos.uptitude.fr\/savviry1\/wp-json\/wp\/v2\/comments?post=7334"}],"version-history":[{"count":0,"href":"https:\/\/demos.uptitude.fr\/savviry1\/wp-json\/wp\/v2\/posts\/7334\/revisions"}],"wp:featuredmedia":[{"embeddable":true,"href":"https:\/\/demos.uptitude.fr\/savviry1\/wp-json\/"}],"wp:attachment":[{"href":"https:\/\/demos.uptitude.fr\/savviry1\/wp-json\/wp\/v2\/media?parent=7334"}],"wp:term":[{"taxonomy":"category","embeddable":true,"href":"https:\/\/demos.uptitude.fr\/savviry1\/wp-json\/wp\/v2\/categories?post=7334"},{"taxonomy":"post_tag","embeddable":true,"href":"https:\/\/demos.uptitude.fr\/savviry1\/wp-json\/wp\/v2\/tags?post=7334"}],"curies":[{"name":"wp","href":"https:\/\/api.w.org\/{rel}","templated":true}]}}