{"id":7346,"date":"2024-06-04T17:14:46","date_gmt":"2024-06-04T17:14:46","guid":{"rendered":"https:\/\/www.savigny-viry-catholique.fr\/?p=7346"},"modified":"2024-06-04T17:14:46","modified_gmt":"2024-06-04T17:14:46","slug":"depart-du-pere-achille-dzeboue-waffo","status":"publish","type":"post","link":"https:\/\/demos.uptitude.fr\/savviry1\/depart-du-pere-achille-dzeboue-waffo\/","title":{"rendered":"D\u00e9part du p\u00e8re Achille DZEBOUA WAFFO"},"content":{"rendered":"<p>En septembre prochain le P\u00e8re Achille quittera le secteur de Savigny-Viry pour celui d&rsquo;Arpajon &#8230;\/&#8230;<\/p>\n<p><!--more--><\/p>\n<p><span style=\"font-size: 20px;\"><img fetchpriority=\"high\" decoding=\"async\" class=\"size-medium wp-image-7348 alignleft\" src=\"https:\/\/www.savigny-viry-catholique.fr\/wp-content\/uploads\/2024\/06\/Pere-AchilleDZEBOUA-WAFFO-01-copie-221x300.png\" alt=\"\" width=\"221\" height=\"300\" \/><\/span><\/p>\n<p>&nbsp;<\/p>\n<p>&nbsp;<\/p>\n<p style=\"text-align: justify;\"><span style=\"font-size: 20px;\">Arriv\u00e9 en juin 2016 sur le Secteur Savigny-Viry, le p\u00e8re Achille Dzeboua Waffo est nomm\u00e9 Responsable du secteur pastoral <\/span><span style=\"font-size: 20px;\">d&rsquo;Arpajon Les Trois Vall\u00e9es pour la rentr\u00e9e de septembre prochain. Il nous quitte donc \u00e0 la fin du mois <\/span><span style=\"font-size: 20px;\">d&rsquo;ao\u00fbt. <\/span><\/p>\n<p style=\"text-align: justify;\"><span style=\"font-size: 20px;\">Il va c\u00e9l\u00e9brer des messes d&rsquo;action de gr\u00e2ce dans les \u00e9glises <\/span><\/p>\n<p><span style=\"font-size: 20px;\"> &#8211; de Viry , le \u00a015 juin \u00e0 18h \u00e0 Notre Dame des Cit\u00e9s, le 16 juin \u00e0 Sainte-Bernadette \u00e0 9h 30 puis \u00e0 11h au Saint Esprit.<\/span><\/p>\n<p style=\"text-align: justify;\"><span style=\"font-size: 20px;\">\u00a0&#8211; de Savigny le samedi 8 juin \u00e0 NDE \u00e0 <\/span><span style=\"font-size: 20px;\">18h00, le dimanche 9 juin \u00e0 Saint Martin \u00e0 9h30 et <\/span><\/p>\n<p style=\"text-align: justify;\"><span style=\"font-size: 20px;\">une messe \u00e0 Sainte Th\u00e9r\u00e8se au mois d&rsquo;ao\u00fbt.<\/span><\/p>\n<p>&nbsp;<\/p>\n<p><strong><span style=\"font-size: 20px; color: #0000ff;\">A l\u2019issue de la messe du 16 juin \u00e0 11h au Saint-Esprit, vers 12h30, tous les paroissiens du secteur sont invit\u00e9s \u00e0 partager avec lui un moment de convivialit\u00e9 autour d\u2019un verre de l\u2019amiti\u00e9 et d\u2019un repas avec ce que chacun pourra apporter.<\/span><\/strong><\/p>\n<p style=\"text-align: justify;\"><span style=\"font-size: 20px;\">Pour lui <\/span><span style=\"font-size: 20px;\">t\u00e9moigner notre amiti\u00e9 et reconnaissance, une cagnotte est ouverte \u00e0 la sortie des messes du week-end <\/span><span style=\"font-size: 20px;\">prochain pour sa future installation. Merci de votre participation et g\u00e9n\u00e9rosit\u00e9. Le secteur pastoral lui dit un <\/span><span style=\"font-size: 20px;\">GRAND MERCI pour ces ann\u00e9es de mission parmi nous.<\/span><\/p>\n<p>&nbsp;<\/p>\n<p>&nbsp;<\/p>\n","protected":false},"excerpt":{"rendered":"<p>En septembre prochain le P\u00e8re Achille quittera le secteur de Savigny-Viry pour celui d&rsquo;Arpajon &#8230;\/&#8230;<\/p>\n","protected":false},"author":990003,"featured_media":7349,"comment_status":"closed","ping_status":"closed","sticky":false,"template":"","format":"standard","meta":{"give_campaign_id":0,"footnotes":""},"categories":[1],"tags":[],"class_list":["post-7346","post","type-post","status-publish","format-standard","has-post-thumbnail","hentry","category-uncategorized"],"_links":{"self":[{"href":"https:\/\/demos.uptitude.fr\/savviry1\/wp-json\/wp\/v2\/posts\/7346","targetHints":{"allow":["GET"]}}],"collection":[{"href":"https:\/\/demos.uptitude.fr\/savviry1\/wp-json\/wp\/v2\/posts"}],"about":[{"href":"https:\/\/demos.uptitude.fr\/savviry1\/wp-json\/wp\/v2\/types\/post"}],"author":[{"embeddable":true,"href":"https:\/\/demos.uptitude.fr\/savviry1\/wp-json\/wp\/v2\/users\/990003"}],"replies":[{"embeddable":true,"href":"https:\/\/demos.uptitude.fr\/savviry1\/wp-json\/wp\/v2\/comments?post=7346"}],"version-history":[{"count":0,"href":"https:\/\/demos.uptitude.fr\/savviry1\/wp-json\/wp\/v2\/posts\/7346\/revisions"}],"wp:featuredmedia":[{"embeddable":true,"href":"https:\/\/demos.uptitude.fr\/savviry1\/wp-json\/"}],"wp:attachment":[{"href":"https:\/\/demos.uptitude.fr\/savviry1\/wp-json\/wp\/v2\/media?parent=7346"}],"wp:term":[{"taxonomy":"category","embeddable":true,"href":"https:\/\/demos.uptitude.fr\/savviry1\/wp-json\/wp\/v2\/categories?post=7346"},{"taxonomy":"post_tag","embeddable":true,"href":"https:\/\/demos.uptitude.fr\/savviry1\/wp-json\/wp\/v2\/tags?post=7346"}],"curies":[{"name":"wp","href":"https:\/\/api.w.org\/{rel}","templated":true}]}}