{"id":7359,"date":"2024-06-01T18:34:28","date_gmt":"2024-06-01T18:34:28","guid":{"rendered":"https:\/\/www.savigny-viry-catholique.fr\/?p=7359"},"modified":"2024-06-01T18:34:28","modified_gmt":"2024-06-01T18:34:28","slug":"message-du-pape-a-loccasion-du-80eme-anniversaire-du-debarquement-en-normandie","status":"publish","type":"post","link":"https:\/\/demos.uptitude.fr\/savviry1\/message-du-pape-a-loccasion-du-80eme-anniversaire-du-debarquement-en-normandie\/","title":{"rendered":"Message du Pape \u00e0 l&rsquo;occasion du 80eme anniversaire du d\u00e9barquement en Normandie"},"content":{"rendered":"<p>Dans un message adress\u00e9, mercredi 5 juin, \u00e0 l\u2019occasion des c\u00e9l\u00e9brations des 80 ans du D\u00e9barquement de Normandie, le pape Fran\u00e7ois a salu\u00e9 l\u2019effort des Alli\u00e9s pour r\u00e9tablir la paix&#8230;.\/&#8230;<\/p>\n<p><!--more--><\/p>\n<p><a href=\"https:\/\/www.youtube.com\/watch?v=cO8f-GH3vBs\"><img fetchpriority=\"high\" decoding=\"async\" class=\"alignnone wp-image-7361 size-large\" src=\"https:\/\/www.savigny-viry-catholique.fr\/wp-content\/uploads\/2024\/06\/80-debarq-UtahBeach-copie-1024x576.jpg\" alt=\"\" width=\"1024\" height=\"576\" \/><\/a><\/p>\n<p style=\"text-align: justify;\"><span style=\"font-size: 20px;\"><em>Il serait \u00ab hypocrite \u00bb de faire m\u00e9moire du d\u00e9barquement en Normandie sans condamner le \u00ab d\u00e9sastre \u00bb <\/em><\/span><span style=\"font-size: 20px;\">que fut la Seconde Guerre mondiale, \u00e9crit le pape Fran\u00e7ois dans une lettre rendue publique le 5 juin 2024 dans le cadre d&rsquo;une c\u00e9l\u00e9bration \u00e0 Bayeux. 80 ans apr\u00e8s la plus grande op\u00e9ration militaire de l&rsquo;histoire, qui enclencha la d\u00e9faite des troupes allemandes, le pape s&rsquo;inqui\u00e8te du spectre \u00ab inacceptable \u00bb d&rsquo;un nouveau conflit mondial. <\/span><\/p>\n<p style=\"text-align: justify;\"><span style=\"font-size: 20px;\"><a href=\"https:\/\/www.youtube.com\/watch?v=cO8f-GH3vBs\"><span style=\"color: #0000ff;\">Le message du pontife a \u00e9t\u00e9 lu par le nonce apostolique en France, Mgr Celestino Migliore,<\/span><\/a> en la cath\u00e9drale de Bayeux, en amont d&rsquo;une c\u00e9l\u00e9bration oecum\u00e9nique \u00e0 laquelle participaient des membres de la famille royale britannique, ainsi que les ambassadeurs de Grande-Bretagne, d&rsquo;Australie, de Nouvelle-Z\u00e9lande et du Canada.<\/span><\/p>\n<p>&nbsp;<\/p>\n<p>&nbsp;<\/p>\n","protected":false},"excerpt":{"rendered":"<p>Dans un message adress\u00e9, mercredi 5 juin, \u00e0 l\u2019occasion des c\u00e9l\u00e9brations des 80 ans du D\u00e9barquement de Normandie, le pape Fran\u00e7ois a salu\u00e9 l\u2019effort des Alli\u00e9s pour r\u00e9tablir la paix&#8230;.\/&#8230;<\/p>\n","protected":false},"author":990003,"featured_media":7362,"comment_status":"closed","ping_status":"closed","sticky":false,"template":"","format":"standard","meta":{"give_campaign_id":0,"footnotes":""},"categories":[1],"tags":[],"class_list":["post-7359","post","type-post","status-publish","format-standard","has-post-thumbnail","hentry","category-uncategorized"],"_links":{"self":[{"href":"https:\/\/demos.uptitude.fr\/savviry1\/wp-json\/wp\/v2\/posts\/7359","targetHints":{"allow":["GET"]}}],"collection":[{"href":"https:\/\/demos.uptitude.fr\/savviry1\/wp-json\/wp\/v2\/posts"}],"about":[{"href":"https:\/\/demos.uptitude.fr\/savviry1\/wp-json\/wp\/v2\/types\/post"}],"author":[{"embeddable":true,"href":"https:\/\/demos.uptitude.fr\/savviry1\/wp-json\/wp\/v2\/users\/990003"}],"replies":[{"embeddable":true,"href":"https:\/\/demos.uptitude.fr\/savviry1\/wp-json\/wp\/v2\/comments?post=7359"}],"version-history":[{"count":0,"href":"https:\/\/demos.uptitude.fr\/savviry1\/wp-json\/wp\/v2\/posts\/7359\/revisions"}],"wp:featuredmedia":[{"embeddable":true,"href":"https:\/\/demos.uptitude.fr\/savviry1\/wp-json\/"}],"wp:attachment":[{"href":"https:\/\/demos.uptitude.fr\/savviry1\/wp-json\/wp\/v2\/media?parent=7359"}],"wp:term":[{"taxonomy":"category","embeddable":true,"href":"https:\/\/demos.uptitude.fr\/savviry1\/wp-json\/wp\/v2\/categories?post=7359"},{"taxonomy":"post_tag","embeddable":true,"href":"https:\/\/demos.uptitude.fr\/savviry1\/wp-json\/wp\/v2\/tags?post=7359"}],"curies":[{"name":"wp","href":"https:\/\/api.w.org\/{rel}","templated":true}]}}