{"id":7383,"date":"2024-06-17T06:27:09","date_gmt":"2024-06-17T06:27:09","guid":{"rendered":"https:\/\/www.savigny-viry-catholique.fr\/?p=7383"},"modified":"2024-06-17T06:27:09","modified_gmt":"2024-06-17T06:27:09","slug":"la-nuit-des-eglises-2024","status":"publish","type":"post","link":"https:\/\/demos.uptitude.fr\/savviry1\/la-nuit-des-eglises-2024\/","title":{"rendered":"la nuit des \u00e9glises 2024"},"content":{"rendered":"<p>Elle aura lieu le 28 juin , \u00e0 Viry , \u00e9glise St Denis &#8230;\/&#8230;<\/p>\n<p><!--more--><\/p>\n<p style=\"text-align: justify;\"><strong><span style=\"font-size: 20px;\">La nuit des \u00e9glises 2024 <\/span><\/strong><\/p>\n<p style=\"text-align: justify;\"><span style=\"font-size: 20px;\"><img fetchpriority=\"high\" decoding=\"async\" class=\"alignleft wp-image-7390\" src=\"https:\/\/www.savigny-viry-catholique.fr\/wp-content\/uploads\/2024\/06\/Viry-nuit-des-eglise-affiche-2024-copie.jpg\" alt=\"\" width=\"400\" height=\"570\" \/><\/span><\/p>\n<p>&nbsp;<\/p>\n<p>&nbsp;<\/p>\n<p style=\"text-align: justify;\"><span style=\"font-size: 20px;\">Initi\u00e9e par l\u2019\u00c9glise de France, elle permet aux communaut\u00e9s <\/span><span style=\"font-size: 20px;\">chr\u00e9tiennes locales, de faire vivre ou de se r\u00e9approprier leur <\/span><span style=\"font-size: 20px;\">\u00e9glise, lieu de leur histoire et de leur enracinement ; d\u2019ouvrir leurs <\/span><span style=\"font-size: 20px;\">portes et <strong><em>accueillir largement tous ceux qui se pr\u00e9sentent :<\/em><\/strong><\/span><br \/>\n<strong><em><span style=\"font-size: 20px;\">artistes, visiteurs, curieux, personnes qui s\u2019interrogent etc. <\/span><\/em><\/strong><\/p>\n<p style=\"text-align: justify;\"><span style=\"font-size: 20px;\">Dans <\/span><span style=\"font-size: 20px;\">ce cadre, le secteur pastoral Savigny-Viry proposera des animations autour de l&rsquo;\u00e9glise<\/span><br \/>\n<span style=\"color: #0000ff;\"><strong><span style=\"font-size: 20px;\">St Denis de Viry-Ch\u00e2tillon le vendredi 28 juin \u00e0 21h.<\/span><\/strong><\/span><\/p>\n<p>&nbsp;<\/p>\n<p><span style=\"color: #ff0000;\"><strong><span style=\"font-size: 20px;\">Retenez la date !<\/span><\/strong><\/span><\/p>\n","protected":false},"excerpt":{"rendered":"<p>Elle aura lieu le 28 juin , \u00e0 Viry , \u00e9glise St Denis &#8230;\/&#8230;<\/p>\n","protected":false},"author":990003,"featured_media":7386,"comment_status":"closed","ping_status":"closed","sticky":false,"template":"","format":"standard","meta":{"give_campaign_id":0,"footnotes":""},"categories":[1],"tags":[],"class_list":["post-7383","post","type-post","status-publish","format-standard","has-post-thumbnail","hentry","category-uncategorized"],"_links":{"self":[{"href":"https:\/\/demos.uptitude.fr\/savviry1\/wp-json\/wp\/v2\/posts\/7383","targetHints":{"allow":["GET"]}}],"collection":[{"href":"https:\/\/demos.uptitude.fr\/savviry1\/wp-json\/wp\/v2\/posts"}],"about":[{"href":"https:\/\/demos.uptitude.fr\/savviry1\/wp-json\/wp\/v2\/types\/post"}],"author":[{"embeddable":true,"href":"https:\/\/demos.uptitude.fr\/savviry1\/wp-json\/wp\/v2\/users\/990003"}],"replies":[{"embeddable":true,"href":"https:\/\/demos.uptitude.fr\/savviry1\/wp-json\/wp\/v2\/comments?post=7383"}],"version-history":[{"count":0,"href":"https:\/\/demos.uptitude.fr\/savviry1\/wp-json\/wp\/v2\/posts\/7383\/revisions"}],"wp:featuredmedia":[{"embeddable":true,"href":"https:\/\/demos.uptitude.fr\/savviry1\/wp-json\/"}],"wp:attachment":[{"href":"https:\/\/demos.uptitude.fr\/savviry1\/wp-json\/wp\/v2\/media?parent=7383"}],"wp:term":[{"taxonomy":"category","embeddable":true,"href":"https:\/\/demos.uptitude.fr\/savviry1\/wp-json\/wp\/v2\/categories?post=7383"},{"taxonomy":"post_tag","embeddable":true,"href":"https:\/\/demos.uptitude.fr\/savviry1\/wp-json\/wp\/v2\/tags?post=7383"}],"curies":[{"name":"wp","href":"https:\/\/api.w.org\/{rel}","templated":true}]}}