{"id":7422,"date":"2024-06-22T14:54:15","date_gmt":"2024-06-22T14:54:15","guid":{"rendered":"https:\/\/www.savigny-viry-catholique.fr\/?p=7422"},"modified":"2024-06-22T14:54:15","modified_gmt":"2024-06-22T14:54:15","slug":"elections","status":"publish","type":"post","link":"https:\/\/demos.uptitude.fr\/savviry1\/elections\/","title":{"rendered":"ELECTIONS"},"content":{"rendered":"<p>Elections l\u00e9gislative : que devons-nous faire ? message de l&rsquo;\u00e9v\u00eaque &#8230;<\/p>\n<p><!--more--><\/p>\n<p><strong>Que dois-je faire ? Que devons-nous faire au moment o\u00f9 les 30 juin et 7 juillet prochains chacun d\u2019entre nous, citoyens \u00e9lecteurs de notre pays, sommes appel\u00e9s \u00e0 faire un choix ?<\/strong><\/p>\n<p><span style=\"font-size: 20px; color: #0000ff;\"><strong><img fetchpriority=\"high\" decoding=\"async\" class=\"alignleft wp-image-7424\" src=\"https:\/\/www.savigny-viry-catholique.fr\/wp-content\/uploads\/2024\/06\/Vote01.jpg\" alt=\"\" width=\"400\" height=\"320\" \/><\/strong><\/span><\/p>\n<p>&nbsp;<\/p>\n<p>&nbsp;<\/p>\n<p>&nbsp;<\/p>\n<p><span style=\"font-size: 20px; color: #0000ff;\"><strong>Pour acc\u00e9der au message de l&rsquo;\u00e9v\u00eaque, <a href=\"https:\/\/evry.catholique.fr\/eveque\/elections-legislatives-que-devons-nous-faire\/\">cliquer ICI<\/a><\/strong><\/span><\/p>\n<p>&nbsp;<\/p>\n<p>&nbsp;<\/p>\n<p>&nbsp;<\/p>\n<p>&nbsp;<\/p>\n<p>&nbsp;<\/p>\n<p>&nbsp;<\/p>\n<p>&nbsp;<\/p>\n<h1><\/h1>\n<h1 class=\"\"><span style=\"font-size: 20px;\"><a href=\"https:\/\/evry.catholique.fr\/des-eveques-appellent-les-catholiques-a-lengagement\/\"><img decoding=\"async\" class=\"size-medium wp-image-7420 alignleft\" src=\"https:\/\/www.savigny-viry-catholique.fr\/wp-content\/uploads\/2024\/06\/Vote-300x135.jpg\" alt=\"\" width=\"300\" height=\"135\" \/><\/a>Des \u00e9v\u00eaques appellent les catholiques \u00e0 s\u2019engager<\/span><\/h1>\n<article>\n<h2 class=\"wp-block-heading\"><span style=\"font-size: 20px;\"><span style=\"color: #0000ff;\">Cliquer sur l&rsquo;image\u00a0<\/span><\/span><\/h2>\n<\/article>\n<p>&nbsp;<\/p>\n<p>&nbsp;<\/p>\n<h1 class=\"entry-title\"><span style=\"font-size: 20px;\">Les \u00e9v\u00eaques du Conseil permanent de<a href=\"https:\/\/eglise.catholique.fr\/espace-presse\/communiques-de-presse\/553159-au-sujet-de-la-situation-en-france-priere-des-eveques-du-conseil-permanent-de-la-cef-a-lattention-des-fideles\/\"><img decoding=\"async\" class=\"size-medium wp-image-7427 alignleft\" src=\"https:\/\/www.savigny-viry-catholique.fr\/wp-content\/uploads\/2024\/06\/Vote02-300x252.jpg\" alt=\"\" width=\"300\" height=\"252\" \/> <\/a><\/span><span style=\"font-size: 20px;\">\u00a0<\/span><\/h1>\n<h1 class=\"entry-title\"><span style=\"font-size: 20px;\">l<\/span><span style=\"font-size: 20px;\">a Conf\u00e9rence des Ev\u00eaques de France <a href=\"https:\/\/eglise.catholique.fr\/espace-presse\/communiques-de-presse\/553159-au-sujet-de-la-situation-en-france-priere-des-eveques-du-conseil-permanent-de-la-cef-a-lattention-des-fideles\/\">attire l\u2019attention des fid\u00e8les <\/a><\/span><\/h1>\n","protected":false},"excerpt":{"rendered":"<p>Elections l\u00e9gislative : que devons-nous faire ? message de l&rsquo;\u00e9v\u00eaque &#8230;<\/p>\n","protected":false},"author":990003,"featured_media":7420,"comment_status":"closed","ping_status":"closed","sticky":false,"template":"","format":"standard","meta":{"give_campaign_id":0,"footnotes":""},"categories":[1],"tags":[],"class_list":["post-7422","post","type-post","status-publish","format-standard","has-post-thumbnail","hentry","category-uncategorized"],"_links":{"self":[{"href":"https:\/\/demos.uptitude.fr\/savviry1\/wp-json\/wp\/v2\/posts\/7422","targetHints":{"allow":["GET"]}}],"collection":[{"href":"https:\/\/demos.uptitude.fr\/savviry1\/wp-json\/wp\/v2\/posts"}],"about":[{"href":"https:\/\/demos.uptitude.fr\/savviry1\/wp-json\/wp\/v2\/types\/post"}],"author":[{"embeddable":true,"href":"https:\/\/demos.uptitude.fr\/savviry1\/wp-json\/wp\/v2\/users\/990003"}],"replies":[{"embeddable":true,"href":"https:\/\/demos.uptitude.fr\/savviry1\/wp-json\/wp\/v2\/comments?post=7422"}],"version-history":[{"count":0,"href":"https:\/\/demos.uptitude.fr\/savviry1\/wp-json\/wp\/v2\/posts\/7422\/revisions"}],"wp:featuredmedia":[{"embeddable":true,"href":"https:\/\/demos.uptitude.fr\/savviry1\/wp-json\/"}],"wp:attachment":[{"href":"https:\/\/demos.uptitude.fr\/savviry1\/wp-json\/wp\/v2\/media?parent=7422"}],"wp:term":[{"taxonomy":"category","embeddable":true,"href":"https:\/\/demos.uptitude.fr\/savviry1\/wp-json\/wp\/v2\/categories?post=7422"},{"taxonomy":"post_tag","embeddable":true,"href":"https:\/\/demos.uptitude.fr\/savviry1\/wp-json\/wp\/v2\/tags?post=7422"}],"curies":[{"name":"wp","href":"https:\/\/api.w.org\/{rel}","templated":true}]}}