{"id":7432,"date":"2017-04-14T16:40:57","date_gmt":"2017-04-14T16:40:57","guid":{"rendered":"http:\/\/www.savigny-viry-catholique.fr\/?p=410"},"modified":"2017-04-14T16:40:57","modified_gmt":"2017-04-14T16:40:57","slug":"la-semaine-sainte","status":"publish","type":"post","link":"https:\/\/demos.uptitude.fr\/savviry1\/la-semaine-sainte\/","title":{"rendered":"La semaine sainte"},"content":{"rendered":"<p><i>(<a class=\"spip_out\" href=\"http:\/\/www.eglise.catholique.fr\/foi-et-vie-chretienne\/la-celebration-de-la-foi\/les-grandes-fetes-chretiennes\/paques\/quest-ce-que-paques.html\" target=\"_blank\" rel=\"external noopener\">D\u2019apr\u00e8s la conf\u00e9rence des Ev\u00eaques de France<\/a>)<\/i><\/p>\n<h3 class=\"spip\"><img decoding=\"async\" class=\"alignleft size-thumbnail wp-image-411\" src=\"http:\/\/www.savigny-viry-catholique.fr\/wp-content\/uploads\/2017\/04\/cross-66700_640-150x150.jpg\" alt=\"Paques\" width=\"150\" height=\"150\" \/><strong><span style=\"color: #d629ab;\">La semaine sainte<\/span><\/strong><\/h3>\n<p>La semaine qui pr\u00e9c\u00e8de P\u00e2ques, nous faisons m\u00e9moire des derniers jours de la vie de J\u00e9sus.<\/p>\n<p><strong>Le dimanche des Rameaux<\/strong>, nous commen\u00e7ons par nous rappeler l\u2019entr\u00e9e triomphale de J\u00e9sus dans la ville de J\u00e9rusalem\u00a0: J\u00e9sus est acclam\u00e9 comme un roi par la foule qui agite des branches en criant \u00ab\u00a0Hosanna\u00a0! Hosanna\u00a0!\u00a0\u00bb. Au d\u00e9but de la messe, le pr\u00eatre b\u00e9nit les rameaux que nous avons apport\u00e9s et lit le r\u00e9cit de l\u2019entr\u00e9e de J\u00e9sus \u00e0 J\u00e9rusalem. Ensuite, nous nous souvenons qu\u2019\u00e0 J\u00e9rusalem, J\u00e9sus a \u00e9t\u00e9 arr\u00eat\u00e9 et crucifi\u00e9 et nous \u00e9coutons le r\u00e9cit des derniers jours de sa vie. On y d\u00e9couvre que J\u00e9sus est bien un roi, mais pas comme ceux de la terre.<\/p>\n<p><strong>Le Jeudi saint<\/strong>, nous nous souvenons du dernier repas que J\u00e9sus a pris avec ses disciples\u00a0: c\u2019est <strong>la C\u00e8ne<\/strong>. Ce soir l\u00e0, J\u00e9sus met un tablier de serviteur et lave les pieds de ses disciples pour nous montrer de quel amour nous devons nous aimer les uns les autres. Le jeudi Saint \u00e0 la messe nous refaisons le geste du lavement des pieds. Puis J\u00e9sus prend du pain et du vin, il les b\u00e9nit et les partage en disant\u00a0: \u00ab\u00a0Ceci est mon corps. Ceci est mon sang\u00a0\u00bb. Le pain et le vin deviennent sa vie offerte toute enti\u00e8re, son corps et son sang. Il nous demande de faire cela en m\u00e9moire de lui, c\u2019est ce que nous faisons \u00e0 chaque messe.<\/p>\n<p><strong>Le vendredi saint<\/strong>, nous nous souvenons du jour o\u00f9 J\u00e9sus est mort sur la croix. C\u2019est un jour de recueillement et de pri\u00e8re.<br class=\"autobr\" \/> Sur les murs des \u00e9glises, il a souvent une s\u00e9rie de tableaux qui rappellent le chemin que J\u00e9sus a fait en portant sa croix. C\u2019est <strong>le chemin de croix<\/strong>. Nous nous arr\u00eatons devant chaque tableau pour prier.<br class=\"autobr\" \/> Le soir, nous nous \u00e9coutons le r\u00e9cit des souffrances que J\u00e9sus a subies jusqu\u2019\u00e0 sa mort. C\u2019est <strong>la Passion du Christ<\/strong>. Nous prions tous ensemble. Nous regardons en silence la croix qui est pour nous chr\u00e9tiens, le signe que J\u00e9sus est mort et ressuscit\u00e9. Nous sommes invit\u00e9s \u00e0 nous approcher de la croix et \u00e0 faire un geste pour montrer notre respect. Nous pouvons nous incliner ou nous agenouiller devant la croix, la toucher ou l\u2019embrasser.<\/p>\n<h3 class=\"spip\"><strong><span style=\"color: #d629ab;\">LE TEMPS PASCAL<\/span><\/strong><\/h3>\n<p><strong>Le samedi saint<\/strong> est un jour de silence. J\u00e9sus est au tombeau. Le temps semble s\u2019arr\u00eater. Ce jour nous rappelle que J\u00e9sus est vraiment pass\u00e9 par la mort. Dans les \u00e9glises, il n\u2019y a aucune c\u00e9l\u00e9bration. On ne communie pas. Mais dans l\u2019obscurit\u00e9 luit d\u00e9j\u00e0 la lumi\u00e8re de P\u00e2ques\u2026 Samedi soir, peu \u00e0 peu, dans les \u00e9glises, des lumi\u00e8res vont s\u2019allumer. Elles annoncent le retour de la vie. C\u2019est <strong>la veill\u00e9e pascale<\/strong>. C\u2019est une belle c\u00e9l\u00e9bration de la r\u00e9surrection qui commence par la b\u00e9n\u00e9diction du feu nouveau, signe de la lumi\u00e8re que J\u00e9sus nous apporte et qui guide ceux qui veulent le suivre.<\/p>\n","protected":false},"excerpt":{"rendered":"<p>(D\u2019apr\u00e8s la conf\u00e9rence des Ev\u00eaques de France) La semaine sainte La semaine qui pr\u00e9c\u00e8de P\u00e2ques, nous faisons m\u00e9moire des derniers jours de la vie de J\u00e9sus. Le dimanche des Rameaux, nous commen\u00e7ons par nous rappeler l\u2019entr\u00e9e triomphale de J\u00e9sus&hellip;<\/p>\n","protected":false},"author":990002,"featured_media":411,"comment_status":"closed","ping_status":"closed","sticky":false,"template":"","format":"standard","meta":{"give_campaign_id":0,"footnotes":""},"categories":[1],"tags":[],"class_list":["post-7432","post","type-post","status-publish","format-standard","has-post-thumbnail","hentry","category-uncategorized"],"_links":{"self":[{"href":"https:\/\/demos.uptitude.fr\/savviry1\/wp-json\/wp\/v2\/posts\/7432","targetHints":{"allow":["GET"]}}],"collection":[{"href":"https:\/\/demos.uptitude.fr\/savviry1\/wp-json\/wp\/v2\/posts"}],"about":[{"href":"https:\/\/demos.uptitude.fr\/savviry1\/wp-json\/wp\/v2\/types\/post"}],"author":[{"embeddable":true,"href":"https:\/\/demos.uptitude.fr\/savviry1\/wp-json\/wp\/v2\/users\/990002"}],"replies":[{"embeddable":true,"href":"https:\/\/demos.uptitude.fr\/savviry1\/wp-json\/wp\/v2\/comments?post=7432"}],"version-history":[{"count":0,"href":"https:\/\/demos.uptitude.fr\/savviry1\/wp-json\/wp\/v2\/posts\/7432\/revisions"}],"wp:featuredmedia":[{"embeddable":true,"href":"https:\/\/demos.uptitude.fr\/savviry1\/wp-json\/"}],"wp:attachment":[{"href":"https:\/\/demos.uptitude.fr\/savviry1\/wp-json\/wp\/v2\/media?parent=7432"}],"wp:term":[{"taxonomy":"category","embeddable":true,"href":"https:\/\/demos.uptitude.fr\/savviry1\/wp-json\/wp\/v2\/categories?post=7432"},{"taxonomy":"post_tag","embeddable":true,"href":"https:\/\/demos.uptitude.fr\/savviry1\/wp-json\/wp\/v2\/tags?post=7432"}],"curies":[{"name":"wp","href":"https:\/\/api.w.org\/{rel}","templated":true}]}}