{"id":7433,"date":"2020-07-15T15:49:57","date_gmt":"2020-07-15T15:49:57","guid":{"rendered":"http:\/\/www.savigny-viry-catholique.fr\/?p=2870"},"modified":"2020-07-15T15:49:57","modified_gmt":"2020-07-15T15:49:57","slug":"messe-et-travaux-dete","status":"publish","type":"post","link":"https:\/\/demos.uptitude.fr\/savviry1\/messe-et-travaux-dete\/","title":{"rendered":"Messes et travaux d&rsquo;\u00e9t\u00e9"},"content":{"rendered":"\n<h3 style=\"text-align: center;\">En ce beau mois de Juillet 2020 &#8230;<\/h3>\n<h3>Information aux saviniens<\/h3>\n<h5>Certain se demandent pour quoi l&rsquo;\u00e9glise St Martin a \u00e9t\u00e9 \u00ab\u00a0ferm\u00e9e au Public en juillet\u00a0\u00bb&#8230;.<\/h5>\n<p><strong>L&rsquo;importance des travaux entrepris au cours du mois de Juillet est la seule explication.<\/strong><\/p>\n<hr \/>\n<p>Conform\u00e9ment \u00e0 l&rsquo;usage habituel, il n&rsquo;y a que deux messes le weekend \u00e0 Savigny l&rsquo;\u00e9t\u00e9, elles sont donc c\u00e9l\u00e9br\u00e9es dans les deux autres \u00e9glises !<br \/>Nous retrouvons l&rsquo;\u00e9glise St Martin d\u00e8s le mois d\u2019ao\u00fbt pour la messe du samedi soir.<\/p>\n<p><strong><u>Donc<\/u><\/strong><u>\u00a0 \u00a0 \u00a0<\/u><strong><u>Samedi<\/u><\/strong>\u00a0 \u00a0 \u00a018h30 Saint Martin\u00a0<br \/>\u00a0 \u00a0 \u00a0 \u00a0 \u00a0 \u00a0 \u00a0<strong><u>Dimanche<\/u><\/strong> 10h30 Sainte Th\u00e9r\u00e8se de l&rsquo;enfant J\u00e9sus\u00a0<\/p>\n<p>Mais aussi pour les personnes \u00ab\u00a0fragiles\u00a0\u00bb au regard du Coronavirus :<br \/><a href=\"https:\/\/www.youtube.com\/channel\/UCMIMUDEqUCGxHRdxXpvx1Ug\">la c\u00e9l\u00e9bration du dimanche est accessible sur YouTube<\/a><\/p>\n<hr \/>\n<h3 style=\"text-align: center;\">Les travaux \u00e0 St Martin<\/h3>\n<p>(l&rsquo;\u00e9glise appartenant \u00e0 la commune les travaux sont dirig\u00e9s et financ\u00e9s par la commune)<\/p>\n<p><b>1 &#8211; La reprise des corniches de la fa\u00e7ade qui depuis longtemps se d\u00e9t\u00e9riorent :\u00a0<\/b><\/p>\n<p><img fetchpriority=\"high\" decoding=\"async\" class=\"size-medium wp-image-2871 aligncenter\" src=\"http:\/\/www.savigny-viry-catholique.fr\/wp-content\/uploads\/2020\/07\/St-Martin-Facade-225x300.jpg\" alt=\"\" width=\"225\" height=\"300\" \/><\/p>\n<p>impossible d\u2019acc\u00e9der a une \u00e9glise lorsque des travaux se font juste au dessus des seuls acc\u00e8s !<\/p>\n<p><strong>2 &#8211; Les mises aux normes \u00e9lectriques &#8230;<\/strong><br \/>(dont et entre autre le changement de la moquette chauffante)\u00a0<\/p>\n<p><img decoding=\"async\" class=\"size-medium wp-image-2872 aligncenter\" src=\"http:\/\/www.savigny-viry-catholique.fr\/wp-content\/uploads\/2020\/07\/St-Martin-Int\u00e9rieur-225x300.jpg\" alt=\"\" width=\"225\" height=\"300\" \/><\/p>\n<p>qui n\u00e9cessite de retirer tous les bancs ! (ici la pose du support de la future moquette chauffante).<\/p>\n<p><b>3 &#8211; La reprise des \u00e9l\u00e9ments en zinc au fa\u00eetage\u00a0des fa\u00e7ades : <img decoding=\"async\" class=\"size-medium wp-image-2886 aligncenter\" src=\"http:\/\/www.savigny-viry-catholique.fr\/wp-content\/uploads\/2020\/07\/2020_07_21_TRAVAUX_STM-225x300.jpg\" alt=\"\" width=\"225\" height=\"300\" \/><\/b><\/p>\n<p>\u00a0<\/p>\n<p>impossible d\u2019acc\u00e9der a une \u00e9glise lorsque des travaux se font juste au dessus des seuls acc\u00e8s !<\/p>\n<h5 style=\"text-align: right;\">Bref, une seule solution : Fermer pour repartir sur de nouvelles bases.<\/h5>\n<h5 style=\"text-align: right;\">Alors \u00e0 bient\u00f4t.<\/h5>\n","protected":false},"excerpt":{"rendered":"","protected":false},"author":990005,"featured_media":2876,"comment_status":"closed","ping_status":"closed","sticky":false,"template":"","format":"standard","meta":{"give_campaign_id":0,"footnotes":""},"categories":[37,38],"tags":[],"class_list":["post-7433","post","type-post","status-publish","format-standard","has-post-thumbnail","hentry","category-horaires","category-officiel"],"_links":{"self":[{"href":"https:\/\/demos.uptitude.fr\/savviry1\/wp-json\/wp\/v2\/posts\/7433","targetHints":{"allow":["GET"]}}],"collection":[{"href":"https:\/\/demos.uptitude.fr\/savviry1\/wp-json\/wp\/v2\/posts"}],"about":[{"href":"https:\/\/demos.uptitude.fr\/savviry1\/wp-json\/wp\/v2\/types\/post"}],"author":[{"embeddable":true,"href":"https:\/\/demos.uptitude.fr\/savviry1\/wp-json\/wp\/v2\/users\/990005"}],"replies":[{"embeddable":true,"href":"https:\/\/demos.uptitude.fr\/savviry1\/wp-json\/wp\/v2\/comments?post=7433"}],"version-history":[{"count":0,"href":"https:\/\/demos.uptitude.fr\/savviry1\/wp-json\/wp\/v2\/posts\/7433\/revisions"}],"wp:featuredmedia":[{"embeddable":true,"href":"https:\/\/demos.uptitude.fr\/savviry1\/wp-json\/"}],"wp:attachment":[{"href":"https:\/\/demos.uptitude.fr\/savviry1\/wp-json\/wp\/v2\/media?parent=7433"}],"wp:term":[{"taxonomy":"category","embeddable":true,"href":"https:\/\/demos.uptitude.fr\/savviry1\/wp-json\/wp\/v2\/categories?post=7433"},{"taxonomy":"post_tag","embeddable":true,"href":"https:\/\/demos.uptitude.fr\/savviry1\/wp-json\/wp\/v2\/tags?post=7433"}],"curies":[{"name":"wp","href":"https:\/\/api.w.org\/{rel}","templated":true}]}}