{"id":7434,"date":"2020-07-22T09:31:41","date_gmt":"2020-07-22T09:31:41","guid":{"rendered":"http:\/\/www.savigny-viry-catholique.fr\/?p=2888"},"modified":"2020-07-22T09:31:41","modified_gmt":"2020-07-22T09:31:41","slug":"les-lois-de-bioethique-arrive-en-deuxieme-lecture","status":"publish","type":"post","link":"https:\/\/demos.uptitude.fr\/savviry1\/les-lois-de-bioethique-arrive-en-deuxieme-lecture\/","title":{"rendered":"Les lois de bio\u00e9thique arrive en deuxi\u00e8me lecture"},"content":{"rendered":"\n<p>\u00a0<\/p>\n<h1 style=\"text-align: center;\">BIO\u00c9THIQUE\u00a0<\/h1>\n<p>Rennes le 1er ao\u00fbt 2020 &#8211; Le projet de loi relatif \u00e0 la bio\u00e9thique a \u00e9t\u00e9 vot\u00e9 au creux de cette nuit !<\/p>\n<h4 style=\"text-align: center;\"><a href=\"http:\/\/www.savigny-viry-catholique.fr\/Download\/doc\/2020-07-20_CP-revision-lois-bioethique.pdf\" target=\"_blank\" rel=\"noopener noreferrer\">Communiqu\u00e9 sur le projet de loi de bio\u00e9thique<\/a>\u00a0<br \/>Est-ce le sens de l\u2019histoire ?<\/h4>\n<p style=\"text-align: right;\">\u00a0<\/p>\n<p>[hr]<\/p>\n<p>Plus t\u00f4t ce mois-ci.<\/p>\n<p>Alors que le projet de loi de r\u00e9vision des lois de bio\u00e9thique arrive en deuxi\u00e8me lecture \u00e0 l\u2019Assembl\u00e9e nationale le 27 juillet, la Conf\u00e9rence des \u00e9v\u00eaques de France alerte sur la volont\u00e9 d\u2019adoption en urgence d\u2019une loi injuste et in\u00e9galitaire. Mgr Pierre d\u2019Ornellas, archev\u00eaque de Rennes et pr\u00e9sident du Groupe bio\u00e9thique de la Conf\u00e9rence des \u00e9v\u00eaques de France explique les enjeux et les dangers du projet de loi tel qu\u2019il est pr\u00e9sent\u00e9 par la \u00ab Commission sp\u00e9ciale charg\u00e9e d\u2019examiner le projet de loi relatif \u00e0 la bio\u00e9thique\u00bb.<\/p>\n<p>Vous pouvez acc\u00e9der au <a href=\"http:\/\/www.savigny-viry-catholique.fr\/Download\/doc\/2020_07_21_Bioethique_CEF.pdf\" target=\"_blank\" rel=\"noopener noreferrer\">communiqu\u00e9 de sa conf\u00e9rence de presse<\/a>, de Mgr Pierre d\u2019Ornellas,\u00a0\u00a0pr\u00e9sident du Groupe bio\u00e9thique de la Conf\u00e9rence des \u00e9v\u00eaques de France.<\/p>\n<p>Ainsi qu&rsquo;a <a href=\"https:\/\/eglise.catholique.fr\/sengager-dans-la-societe\/eglise-et-bioethique\/501834-pma-bioethique-conference\/\">la vid\u00e9o sur le site de la conf\u00e9rence des \u00e9v\u00eaques<\/a>.<\/p>\n<p>\u00a0<\/p>\n","protected":false},"excerpt":{"rendered":"","protected":false},"author":990005,"featured_media":1399,"comment_status":"closed","ping_status":"closed","sticky":false,"template":"","format":"standard","meta":{"give_campaign_id":0,"footnotes":""},"categories":[35,38],"tags":[],"class_list":["post-7434","post","type-post","status-publish","format-standard","has-post-thumbnail","hentry","category-conference","category-officiel"],"_links":{"self":[{"href":"https:\/\/demos.uptitude.fr\/savviry1\/wp-json\/wp\/v2\/posts\/7434","targetHints":{"allow":["GET"]}}],"collection":[{"href":"https:\/\/demos.uptitude.fr\/savviry1\/wp-json\/wp\/v2\/posts"}],"about":[{"href":"https:\/\/demos.uptitude.fr\/savviry1\/wp-json\/wp\/v2\/types\/post"}],"author":[{"embeddable":true,"href":"https:\/\/demos.uptitude.fr\/savviry1\/wp-json\/wp\/v2\/users\/990005"}],"replies":[{"embeddable":true,"href":"https:\/\/demos.uptitude.fr\/savviry1\/wp-json\/wp\/v2\/comments?post=7434"}],"version-history":[{"count":0,"href":"https:\/\/demos.uptitude.fr\/savviry1\/wp-json\/wp\/v2\/posts\/7434\/revisions"}],"wp:featuredmedia":[{"embeddable":true,"href":"https:\/\/demos.uptitude.fr\/savviry1\/wp-json\/"}],"wp:attachment":[{"href":"https:\/\/demos.uptitude.fr\/savviry1\/wp-json\/wp\/v2\/media?parent=7434"}],"wp:term":[{"taxonomy":"category","embeddable":true,"href":"https:\/\/demos.uptitude.fr\/savviry1\/wp-json\/wp\/v2\/categories?post=7434"},{"taxonomy":"post_tag","embeddable":true,"href":"https:\/\/demos.uptitude.fr\/savviry1\/wp-json\/wp\/v2\/tags?post=7434"}],"curies":[{"name":"wp","href":"https:\/\/api.w.org\/{rel}","templated":true}]}}