{"id":7435,"date":"2024-03-15T23:20:01","date_gmt":"2024-03-15T23:20:01","guid":{"rendered":"https:\/\/www.savigny-viry-catholique.fr\/?p=7050"},"modified":"2024-03-15T23:20:01","modified_gmt":"2024-03-15T23:20:01","slug":"le-denier-de-leglise","status":"publish","type":"post","link":"https:\/\/demos.uptitude.fr\/savviry1\/le-denier-de-leglise\/","title":{"rendered":"LE DENIER DE L&rsquo;EGLISE"},"content":{"rendered":"<p>SI L\u2019\u00c9GLISE PEUT PRENDRE SOIN DE CHACUN, C\u2019EST AUSSI PARCE QUE VOUS PRENEZ SOIN D\u2019ELLE&#8230;.\/&#8230;<\/p>\n<p><!--more--><\/p>\n<p><strong><span style=\"font-size: 20px; color: #0000ff;\"> <img fetchpriority=\"high\" decoding=\"async\" class=\"wp-image-7053 alignleft\" src=\"https:\/\/www.savigny-viry-catholique.fr\/wp-content\/uploads\/2024\/03\/Denier2024-02-210x300.jpg\" alt=\"\" width=\"350\" height=\"501\" \/>SOYEZ REMERCI\u00c9S.<\/span><\/strong><br \/>\n<span style=\"font-size: 20px;\">C\u2019est l\u2019occasion de rappeler la raison d\u2019\u00eatre du denier : dans notre dioc\u00e8se, <em><strong>il sert \u00e0 couvrir l\u2019ensemble des charges relatives \u00e0 la masse salariale : traitement des pr\u00eatres, salaires des la\u00efcs permanents et la\u00efcs en mission eccl\u00e9siale<\/strong><\/em>. \u00c0 ce titre, le denier est n\u00e9cessaire \u00e0 la survie de l\u2019\u00c9glise, et, sans lui, il n\u2019y aurait tout simplement pas de mission pastorale. C\u2019est pourquoi il est fondamental d\u2019\u00eatre tous mobilis\u00e9s sur le sujet, et de rappeler, \u00e9galement, qu\u2019il n\u2019y a pas de petit don : chaque don compte, quel que soit son montant. L\u2019an dernier, le denier s\u2019est maintenu, \u00e0 3 049 331 \u20ac, contre 3 065 963 \u20ac en 2022 pour l\u2019ensemble du dioc\u00e8se d\u2019\u00c9vry-Corbeil-Essonnes (\u00e9quivalence du territoire du d\u00e9partement de l\u2019Essonne). Ce r\u00e9sultat, stable, ne doit pas pour autant nous faire oublier que le nombre de donateurs baisse inexorablement, passant de 8492 en 2022 \u00e0 8227 en 2023. Et pourtant, le nombre de baptis\u00e9s dans le d\u00e9partement qui b\u00e9n\u00e9ficient \u00e0 un moment ou l\u2019autre des services de l\u2019\u00c9glise est plus de dix fois plus. Causes principales de la baisse parmi d\u2019autres : les anciens habitu\u00e9s \u00e0 donner disparaissent et les jeunes g\u00e9n\u00e9rations n\u2019ont pas \u00e9t\u00e9 en majorit\u00e9 conscientis\u00e9es \u00e0 ce don annuel pour la vie de l\u2019\u00c9glise. Cette baisse qui continue depuis des ann\u00e9es est inqui\u00e9tante. Nous devons \u00eatre capables <\/span><span style=\"font-size: 20px;\">d\u2019int\u00e9resser de nouveaux donateurs et de les impliquer dans cette d\u00e9marche n\u00e9cessaire \u00e0 la survie de notre \u00c9glise. Le don au denier est compl\u00e9mentaire du casuel vers\u00e9 \u00e0 l\u2019occasion des demandes et c\u00e9l\u00e9brations des sacrements.<\/span><br \/>\n<span style=\"font-size: 20px;\">Pour assurer la stabilit\u00e9 et la progression du denier, le pr\u00e9l\u00e8vement automatique est conseill\u00e9. Ce mode de paiement permet aux donateurs de lisser son don tout au long de l\u2019ann\u00e9e, et simplifie la gestion de la tr\u00e9sorerie du dioc\u00e8se.<\/span><br \/>\n<span style=\"font-size: 20px;\">En 2024, nous formons le v\u0153u d\u2019un denier qui repartira \u00e0 la hausse. De bon augure, le mois de janvier 2024 a vu le denier progresser de 6,69 % par rapport \u00e0 janvier 2023.<\/span><br \/>\n<span style=\"font-size: 20px;\">Gardons cet optimisme et croyons en l\u2019avenir !<\/span><br \/>\n<strong><span style=\"font-size: 20px; color: #0000ff;\">Pour faire un don au denier <a style=\"color: #0000ff;\" href=\"https:\/\/dons.evry.catholique.fr\/\">cliquez ICI<\/a><\/span><\/strong><\/p>\n<p>&nbsp;<\/p>\n<p style=\"text-align: center;\"><span style=\"font-size: 20px; color: #ff6600;\"><strong>Pour en savoir plus<a href=\"https:\/\/dons.evry.catholique.fr\/denier-de-leglise\/\"> c&rsquo;est par ici<\/a><\/strong><\/span><\/p>\n<p><img decoding=\"async\" class=\"alignnone wp-image-7054 size-large\" src=\"https:\/\/www.savigny-viry-catholique.fr\/wp-content\/uploads\/2024\/03\/denier2024-03-1024x220.jpg\" alt=\"\" width=\"1024\" height=\"220\" \/><\/p>\n","protected":false},"excerpt":{"rendered":"<p>SI L\u2019\u00c9GLISE PEUT PRENDRE SOIN DE CHACUN, C\u2019EST AUSSI PARCE QUE VOUS PRENEZ SOIN D\u2019ELLE&#8230;.\/&#8230;<\/p>\n","protected":false},"author":990003,"featured_media":7067,"comment_status":"closed","ping_status":"closed","sticky":false,"template":"","format":"standard","meta":{"give_campaign_id":0,"footnotes":""},"categories":[1],"tags":[],"class_list":["post-7435","post","type-post","status-publish","format-standard","has-post-thumbnail","hentry","category-uncategorized"],"_links":{"self":[{"href":"https:\/\/demos.uptitude.fr\/savviry1\/wp-json\/wp\/v2\/posts\/7435","targetHints":{"allow":["GET"]}}],"collection":[{"href":"https:\/\/demos.uptitude.fr\/savviry1\/wp-json\/wp\/v2\/posts"}],"about":[{"href":"https:\/\/demos.uptitude.fr\/savviry1\/wp-json\/wp\/v2\/types\/post"}],"author":[{"embeddable":true,"href":"https:\/\/demos.uptitude.fr\/savviry1\/wp-json\/wp\/v2\/users\/990003"}],"replies":[{"embeddable":true,"href":"https:\/\/demos.uptitude.fr\/savviry1\/wp-json\/wp\/v2\/comments?post=7435"}],"version-history":[{"count":0,"href":"https:\/\/demos.uptitude.fr\/savviry1\/wp-json\/wp\/v2\/posts\/7435\/revisions"}],"wp:featuredmedia":[{"embeddable":true,"href":"https:\/\/demos.uptitude.fr\/savviry1\/wp-json\/"}],"wp:attachment":[{"href":"https:\/\/demos.uptitude.fr\/savviry1\/wp-json\/wp\/v2\/media?parent=7435"}],"wp:term":[{"taxonomy":"category","embeddable":true,"href":"https:\/\/demos.uptitude.fr\/savviry1\/wp-json\/wp\/v2\/categories?post=7435"},{"taxonomy":"post_tag","embeddable":true,"href":"https:\/\/demos.uptitude.fr\/savviry1\/wp-json\/wp\/v2\/tags?post=7435"}],"curies":[{"name":"wp","href":"https:\/\/api.w.org\/{rel}","templated":true}]}}