{"id":7480,"date":"2024-06-27T13:42:52","date_gmt":"2024-06-27T13:42:52","guid":{"rendered":"https:\/\/www.savigny-viry-catholique.fr\/?p=7480"},"modified":"2024-06-27T13:42:52","modified_gmt":"2024-06-27T13:42:52","slug":"retour-en-image-sur-lordination-de-christophe","status":"publish","type":"post","link":"https:\/\/demos.uptitude.fr\/savviry1\/retour-en-image-sur-lordination-de-christophe\/","title":{"rendered":"Retour en image sur l&rsquo;ordination de Christophe"},"content":{"rendered":"<p>Quelques photos de l&rsquo;ordination diaconale de Christophe Sonzogni, &#8230;\/&#8230;<\/p>\n<p><!--more--><\/p>\n<p><span style=\"font-size: 20px;\"><strong><img decoding=\"async\" class=\"alignleft wp-image-7324\" src=\"https:\/\/www.savigny-viry-catholique.fr\/wp-content\/uploads\/2024\/05\/Christophe-sonzogni03.jpg\" alt=\"\" width=\"200\" height=\"199\" \/><span style=\"color: #000080;\"><a style=\"color: #000080;\" href=\"https:\/\/www.savigny-viry-catholique.fr\/bwg_gallery\/christophe-nouveau-diacre\/\">Christophe Sonzogni a \u00e9t\u00e9 ordonn\u00e9 \u00ab\u00a0Diacre permanent\u00a0\u00bb\u00a0 par Mgr Pansard le 23 juin en l&rsquo;\u00e9glise Ste Th\u00e9r\u00e8se \u00e0 Savigny\/Orge.<\/a><\/span><\/strong><\/span><\/p>\n<p>&nbsp;<\/p>\n<p><span style=\"font-size: 20px;\">Baptis\u00e9 enfant, mais sans aucune \u00e9ducation religieuse, Christophe se lance dans un parcours de cat\u00e9chum\u00e9nat \u00e0<\/span><\/p>\n<p><span style=\"font-size: 20px;\">24 ans apr\u00e8s une conversion fulgurante. Il re\u00e7oit l\u2019eucharistie et la confirmation.<a href=\"https:\/\/evry.catholique.fr\/diacre-permanent-christophe-sonzogni\/\"><img fetchpriority=\"high\" decoding=\"async\" class=\"size-medium wp-image-7369 aligncenter\" src=\"https:\/\/www.savigny-viry-catholique.fr\/wp-content\/uploads\/2024\/06\/Christophelaurence-227x300.jpg\" alt=\"\" width=\"227\" height=\"300\" \/><\/a><\/span><\/p>\n<p><a href=\"https:\/\/evry.catholique.fr\/diacre-permanent-christophe-sonzogni\/\"><span style=\"color: #0000ff;\"><strong><span style=\"font-size: 20px;\">Lire son t\u00e9moignage ICI\u00a0<\/span><\/strong><\/span><\/a><\/p>\n<p>&nbsp;<\/p>\n<p><span style=\"color: #ff0000;\"><strong><span style=\"font-size: 20px;\">Pour voir les photos cliquez sur l&rsquo;image ci-dessous<\/span><\/strong><\/span><\/p>\n<p><a href=\"https:\/\/www.savigny-viry-catholique.fr\/bwg_gallery\/christophe-nouveau-diacre\/\"><img decoding=\"async\" class=\"alignnone wp-image-7460\" src=\"https:\/\/www.savigny-viry-catholique.fr\/wp-content\/uploads\/2024\/06\/Diacre-Chris-6-300x199.jpg\" alt=\"\" width=\"450\" height=\"299\" \/><\/a><\/p>\n<p>&nbsp;<\/p>\n<p>&nbsp;<\/p>\n<p><span style=\"font-size: 16px;\">Actuellement il y a 29 diacres permanents qui ont une activit\u00e9 pastorale dans le dioc\u00e8se d&rsquo;Evry-Corbeil-Essonnes.<\/span><\/p>\n<p><img loading=\"lazy\" decoding=\"async\" class=\"alignnone size-medium wp-image-7263\" src=\"https:\/\/www.savigny-viry-catholique.fr\/wp-content\/uploads\/2024\/04\/2024-diaconat03-300x169.jpg\" alt=\"\" width=\"300\" height=\"169\" \/><\/p>\n<div class=\"spotlight01\">\n<p><span style=\"color: #000000; font-size: 16px;\">.<\/span><\/p>\n<\/div>\n","protected":false},"excerpt":{"rendered":"<p>Quelques photos de l&rsquo;ordination diaconale de Christophe Sonzogni, &#8230;\/&#8230;<\/p>\n","protected":false},"author":990003,"featured_media":7417,"comment_status":"closed","ping_status":"closed","sticky":false,"template":"","format":"standard","meta":{"give_campaign_id":0,"footnotes":""},"categories":[1],"tags":[],"class_list":["post-7480","post","type-post","status-publish","format-standard","has-post-thumbnail","hentry","category-uncategorized"],"_links":{"self":[{"href":"https:\/\/demos.uptitude.fr\/savviry1\/wp-json\/wp\/v2\/posts\/7480","targetHints":{"allow":["GET"]}}],"collection":[{"href":"https:\/\/demos.uptitude.fr\/savviry1\/wp-json\/wp\/v2\/posts"}],"about":[{"href":"https:\/\/demos.uptitude.fr\/savviry1\/wp-json\/wp\/v2\/types\/post"}],"author":[{"embeddable":true,"href":"https:\/\/demos.uptitude.fr\/savviry1\/wp-json\/wp\/v2\/users\/990003"}],"replies":[{"embeddable":true,"href":"https:\/\/demos.uptitude.fr\/savviry1\/wp-json\/wp\/v2\/comments?post=7480"}],"version-history":[{"count":0,"href":"https:\/\/demos.uptitude.fr\/savviry1\/wp-json\/wp\/v2\/posts\/7480\/revisions"}],"wp:featuredmedia":[{"embeddable":true,"href":"https:\/\/demos.uptitude.fr\/savviry1\/wp-json\/"}],"wp:attachment":[{"href":"https:\/\/demos.uptitude.fr\/savviry1\/wp-json\/wp\/v2\/media?parent=7480"}],"wp:term":[{"taxonomy":"category","embeddable":true,"href":"https:\/\/demos.uptitude.fr\/savviry1\/wp-json\/wp\/v2\/categories?post=7480"},{"taxonomy":"post_tag","embeddable":true,"href":"https:\/\/demos.uptitude.fr\/savviry1\/wp-json\/wp\/v2\/tags?post=7480"}],"curies":[{"name":"wp","href":"https:\/\/api.w.org\/{rel}","templated":true}]}}