{"id":7490,"date":"2024-06-29T13:58:41","date_gmt":"2024-06-29T13:58:41","guid":{"rendered":"https:\/\/www.savigny-viry-catholique.fr\/?p=7490"},"modified":"2024-06-29T13:58:41","modified_gmt":"2024-06-29T13:58:41","slug":"des-vacances-olympiques","status":"publish","type":"post","link":"https:\/\/demos.uptitude.fr\/savviry1\/des-vacances-olympiques\/","title":{"rendered":"Des Vacances \u00a0\u00bbOlympiques\u00a0\u00bb"},"content":{"rendered":"<p><span style=\"font-size: 14px;\">Une mise en forme personnelle, mentale, physique et spirituelle&#8230;\/&#8230;<\/span><\/p>\n<p><!--more--><\/p>\n<p><span style=\"font-size: 24px; color: #0000ff;\"><strong>Bonnes vacances olympiques !<\/strong><\/span><\/p>\n<p><span style=\"font-size: 20px;\">Sport, sant\u00e9 et vacances ! voil\u00e0 un beau programme d\u2019\u00e9t\u00e9.<\/span><\/p>\n<p><span style=\"font-size: 20px;\">En d\u00e9but d\u2019ann\u00e9e 2024, je souhaitais \u00e0 chacune et \u00e0 chacun une bonne et heureuse ann\u00e9e olympique !<img fetchpriority=\"high\" decoding=\"async\" class=\"size-full wp-image-7493 alignright\" src=\"https:\/\/www.savigny-viry-catholique.fr\/wp-content\/uploads\/2024\/06\/anneaux-olympique.jpg\" alt=\"\" width=\"267\" height=\"188\" \/><br \/>\n<\/span><\/p>\n<p><span style=\"font-size: 20px;\">Voil\u00e0 que nous sommes aux portes des olympiades du 26 <\/span><span style=\"font-size: 20px;\">juillet au 11 ao\u00fbt prochain. Certains les observeront de loin et <\/span><span style=\"font-size: 20px;\">d\u2019autres y participeront d\u2019une mani\u00e8re ou d\u2019une autre.<\/span><br \/>\n<span style=\"font-size: 20px;\">D\u2019ailleurs, l\u2019\u00e9t\u00e9 s\u2019ouvre par une comp\u00e9tition sportive, l\u2019Euro de <\/span><span style=\"font-size: 20px;\">football 2024 en Allemagne.<\/span><\/p>\n<p><span style=\"font-size: 20px;\">Un des slogans bien connu pour un bien-\u00eatre, c\u2019est \u00ab manger <\/span><span style=\"font-size: 20px;\">sainement, bouger en pratiquant une activit\u00e9 sportive <\/span><span style=\"font-size: 20px;\">r\u00e9guli\u00e8re \u00bb, alors au bout, de fortes chances d\u2019\u00eatre en bonne <\/span><span style=\"font-size: 20px;\">sant\u00e9. Les parcours de sant\u00e9 arrivent \u00e0 lier sport et bien-\u00eatre.<\/span><\/p>\n<p><span style=\"font-size: 20px;\">N\u2019est-ce pas le bien \u00eatre que nous recherchons <\/span><span style=\"font-size: 20px;\">particuli\u00e8rement pendant les vacances ? le repos et souvent le <\/span><span style=\"font-size: 20px;\">changement de cadre de vie pour a\u00e9rer l\u2019esprit.<\/span><\/p>\n<p><span style=\"font-size: 20px;\">Tout ceci permet une mise en forme personnelle, mentale, <\/span><span style=\"font-size: 20px;\">physique et spirituelle. Nous sommes alors pr\u00e9par\u00e9s pour <\/span><span style=\"font-size: 20px;\">attaquer la rentr\u00e9e.<\/span><\/p>\n<p><span style=\"font-size: 20px;\">La rentr\u00e9e et oui, m\u00eame si nous avons besoin de l\u2019oublier un <\/span><span style=\"font-size: 20px;\">peu ou beaucoup, elle se pr\u00e9pare pendant les vacances,<\/span><br \/>\n<span style=\"font-size: 20px;\">\u00e9videmment sans empressement.\u00a0<\/span><\/p>\n<p><span style=\"color: #000000;\"><span style=\"font-size: 20px;\">Notre rentr\u00e9e en secteur pastoral de Savigny-Viry sera <\/span><span style=\"font-size: 20px;\">marqu\u00e9e par un travail de renouvellement de notre projet <\/span><span style=\"font-size: 20px;\">pastoral de secteur qui prend fin au mois d\u2019ao\u00fbt. Chacun <\/span><span style=\"font-size: 20px;\">pourra contribuer \u00e0 donner des id\u00e9es et des suggestions <\/span><span style=\"font-size: 20px;\">concr\u00e8tes pour sa mise en place.<\/span><\/span><\/p>\n<p><span style=\"font-size: 20px;\">Par ailleurs, des changements : nous aurons le d\u00e9part du <\/span><span style=\"font-size: 20px;\">p\u00e8re Achille Waffo et l\u2019arriv\u00e9e du p\u00e8re Gr\u00e9goire Akakpo <\/span><span style=\"font-size: 20px;\">actuellement \u00e0 la cath\u00e9drale d\u2019\u00c9vry. <\/span><\/p>\n<p><span style=\"font-size: 20px;\">Pendant ces vacances \u00ab olympiques \u00bb, entre deux balades, <\/span><span style=\"font-size: 20px;\">deux repas en famille ou entre amis, \u2026 un devoir de vacances<\/span><br \/>\n<span style=\"font-size: 20px;\">pourrait \u00eatre : au regard de ma connaissance de Viry-Ch\u00e2tillon <\/span><span style=\"font-size: 20px;\">et\/ou de Savigny-sur-Orge, quelles priorit\u00e9s pour renforcer le <\/span><span style=\"font-size: 20px;\">dynamisme de nos communaut\u00e9s chr\u00e9tiennes ? Je mets mes <\/span><span style=\"font-size: 20px;\">r\u00e9ponses dans un petit coin, \u00e0 partager \u00e0 la rentr\u00e9e !<\/span><\/p>\n<p><span style=\"font-size: 20px;\">En attendant, bonnes vacances et bon repos !<\/span><\/p>\n<p><span style=\"font-size: 20px;\">P\u00e8re Emmanuel BIDZOGO<\/span><\/p>\n<p>&nbsp;<\/p>\n","protected":false},"excerpt":{"rendered":"<p>Une mise en forme personnelle, mentale, physique et spirituelle&#8230;\/&#8230;<\/p>\n","protected":false},"author":990003,"featured_media":7495,"comment_status":"closed","ping_status":"closed","sticky":false,"template":"","format":"standard","meta":{"give_campaign_id":0,"footnotes":""},"categories":[1],"tags":[],"class_list":["post-7490","post","type-post","status-publish","format-standard","has-post-thumbnail","hentry","category-uncategorized"],"_links":{"self":[{"href":"https:\/\/demos.uptitude.fr\/savviry1\/wp-json\/wp\/v2\/posts\/7490","targetHints":{"allow":["GET"]}}],"collection":[{"href":"https:\/\/demos.uptitude.fr\/savviry1\/wp-json\/wp\/v2\/posts"}],"about":[{"href":"https:\/\/demos.uptitude.fr\/savviry1\/wp-json\/wp\/v2\/types\/post"}],"author":[{"embeddable":true,"href":"https:\/\/demos.uptitude.fr\/savviry1\/wp-json\/wp\/v2\/users\/990003"}],"replies":[{"embeddable":true,"href":"https:\/\/demos.uptitude.fr\/savviry1\/wp-json\/wp\/v2\/comments?post=7490"}],"version-history":[{"count":0,"href":"https:\/\/demos.uptitude.fr\/savviry1\/wp-json\/wp\/v2\/posts\/7490\/revisions"}],"wp:featuredmedia":[{"embeddable":true,"href":"https:\/\/demos.uptitude.fr\/savviry1\/wp-json\/"}],"wp:attachment":[{"href":"https:\/\/demos.uptitude.fr\/savviry1\/wp-json\/wp\/v2\/media?parent=7490"}],"wp:term":[{"taxonomy":"category","embeddable":true,"href":"https:\/\/demos.uptitude.fr\/savviry1\/wp-json\/wp\/v2\/categories?post=7490"},{"taxonomy":"post_tag","embeddable":true,"href":"https:\/\/demos.uptitude.fr\/savviry1\/wp-json\/wp\/v2\/tags?post=7490"}],"curies":[{"name":"wp","href":"https:\/\/api.w.org\/{rel}","templated":true}]}}