{"id":7499,"date":"2024-07-01T14:16:19","date_gmt":"2024-07-01T14:16:19","guid":{"rendered":"https:\/\/www.savigny-viry-catholique.fr\/?p=7499"},"modified":"2024-07-01T14:16:19","modified_gmt":"2024-07-01T14:16:19","slug":"inscriptions-au-cate-et-a-laumonerie-rentree-2024-2025","status":"publish","type":"post","link":"https:\/\/demos.uptitude.fr\/savviry1\/inscriptions-au-cate-et-a-laumonerie-rentree-2024-2025\/","title":{"rendered":"Inscriptions au Cat\u00e9 et \u00e0 l&rsquo;aum\u00f4nerie : rentr\u00e9e 2024-2025"},"content":{"rendered":"<p>Aux parents, aux jeunes et aux enfants, pensez \u00e0 vous inscrire&#8230;\/&#8230;<\/p>\n<p><!--more--><\/p>\n<p><span style=\"font-size: 24px;\"><strong><span style=\"color: #0000ff;\">Inscriptions au KT et \u00e0 l&rsquo;aum\u00f4nerie pour la rentr\u00e9e 2024-2025<\/span> <\/strong><\/span><\/p>\n<p><span style=\"font-size: 20px;\">Aux parents, aux jeunes et aux enfants, l&rsquo;ann\u00e9e scolaire et pastorale s&rsquo;est achev\u00e9e le dimanche 30 juin avec la mese des familles \u00e0 l&rsquo;\u00e9glise Ste Th\u00e9r\u00e8se. <strong><span style=\"color: #ff6600;\"><span style=\"color: #ff0000;\">Pensez \u00e0 vous inscrire<\/span>,<\/span> <\/strong>vous recevrez une fiche \u00e0 remplir, faites le et renvoyez cette fiche. Il y aura des<span style=\"color: #0000ff;\"><strong> inscriptions<\/strong> <\/span>comme d&rsquo;habitude<span style=\"color: #0000ff;\"><strong> \u00e0 la f\u00eates des associations<\/strong><\/span> de la ville <span style=\"color: #0000ff;\"><strong>le samedi 7 septembre<\/strong><\/span>, n&rsquo;attendez pas cette date, les horaires vous seront pr\u00e9cis\u00e9s aux r\u00e9unions des parents en septembre. Pour les parents qui le d\u00e9sirent, nous recrutons des cat\u00e9chistes et animateurs, vous signaler pour cela au pr\u00eatre de la paroisse.<\/span><\/p>\n<p><span style=\"font-size: 16px;\"><strong>Pour en savoir plus cliquez sur l&rsquo;image<\/strong><\/span><\/p>\n<p><a href=\"https:\/\/evry.catholique.fr\/inscriptions-en-catechese-2024-2025\/\"><img fetchpriority=\"high\" decoding=\"async\" class=\"alignnone wp-image-7501 size-large\" src=\"https:\/\/www.savigny-viry-catholique.fr\/wp-content\/uploads\/2024\/06\/KT24-25-1024x460.jpg\" alt=\"\" width=\"1024\" height=\"460\" \/><\/a><\/p>\n","protected":false},"excerpt":{"rendered":"<p>Aux parents, aux jeunes et aux enfants, pensez \u00e0 vous inscrire&#8230;\/&#8230;<\/p>\n","protected":false},"author":990003,"featured_media":7586,"comment_status":"closed","ping_status":"closed","sticky":false,"template":"","format":"standard","meta":{"give_campaign_id":0,"footnotes":""},"categories":[1],"tags":[],"class_list":["post-7499","post","type-post","status-publish","format-standard","has-post-thumbnail","hentry","category-uncategorized"],"_links":{"self":[{"href":"https:\/\/demos.uptitude.fr\/savviry1\/wp-json\/wp\/v2\/posts\/7499","targetHints":{"allow":["GET"]}}],"collection":[{"href":"https:\/\/demos.uptitude.fr\/savviry1\/wp-json\/wp\/v2\/posts"}],"about":[{"href":"https:\/\/demos.uptitude.fr\/savviry1\/wp-json\/wp\/v2\/types\/post"}],"author":[{"embeddable":true,"href":"https:\/\/demos.uptitude.fr\/savviry1\/wp-json\/wp\/v2\/users\/990003"}],"replies":[{"embeddable":true,"href":"https:\/\/demos.uptitude.fr\/savviry1\/wp-json\/wp\/v2\/comments?post=7499"}],"version-history":[{"count":0,"href":"https:\/\/demos.uptitude.fr\/savviry1\/wp-json\/wp\/v2\/posts\/7499\/revisions"}],"wp:featuredmedia":[{"embeddable":true,"href":"https:\/\/demos.uptitude.fr\/savviry1\/wp-json\/wp\/v2\/media\/7586"}],"wp:attachment":[{"href":"https:\/\/demos.uptitude.fr\/savviry1\/wp-json\/wp\/v2\/media?parent=7499"}],"wp:term":[{"taxonomy":"category","embeddable":true,"href":"https:\/\/demos.uptitude.fr\/savviry1\/wp-json\/wp\/v2\/categories?post=7499"},{"taxonomy":"post_tag","embeddable":true,"href":"https:\/\/demos.uptitude.fr\/savviry1\/wp-json\/wp\/v2\/tags?post=7499"}],"curies":[{"name":"wp","href":"https:\/\/api.w.org\/{rel}","templated":true}]}}