{"id":7897,"date":"2024-09-03T22:20:21","date_gmt":"2024-09-03T20:20:21","guid":{"rendered":"https:\/\/demos.uptitude.fr\/savviry1\/?p=7897"},"modified":"2024-09-03T22:20:22","modified_gmt":"2024-09-03T20:20:22","slug":"bienvenue-au-pere-gregoire-akakpo","status":"publish","type":"post","link":"https:\/\/demos.uptitude.fr\/savviry1\/bienvenue-au-pere-gregoire-akakpo\/","title":{"rendered":"Bienvenue au P\u00e8re Gr\u00e9goire AKAKPO"},"content":{"rendered":"<div class=\"wp-block-image\">\n<figure class=\"alignleft size-large\"><img decoding=\"async\" src=\"https:\/\/www.savigny-viry-catholique.fr\/wp-content\/uploads\/2024\/08\/Pere-Gregoire-Akakpo-147x150.jpg\" alt=\"\"\/><\/figure>\n<\/div>\n\n\n<p>Le P\u00e8re Gr\u00e9goire AKAKPO a \u00e9t\u00e9 ordonn\u00e9 pr\u00eatre le 9 ao\u00fbt 1986. Il est arriv\u00e9 au service du dioc\u00e8se d\u2019Evry en 2003. De 2003 \u00e0 2012, il \u00e9tait sur le secteur pastoral de S\u00e9nart Draveil o\u00f9 il a accompagn\u00e9 la paroisse de Draveil pendant 2 ans et celle de Soisy sur Seine pendant 6 ans. De 2012 \u00e0 2018, il a \u00e9t\u00e9 nomm\u00e9 sur le secteur pastoral des Trois vall\u00e9es Arpajon. De 2018 \u00e0 2024,il \u00e9tait responsable du secteur pastoral d\u2019Evry, et Recteur de la cath\u00e9drale de La R\u00e9surrection.<\/p>\n\n\n\n<p>Apr\u00e8s 38 ans de vie presbyt\u00e9rale, il vient continuer sa mission au service du secteur de Savigny-Viry.: Comme il le dit lui-m\u00eame :<\/p>\n\n\n\n<blockquote class=\"wp-block-quote is-layout-flow wp-block-quote-is-layout-flow\">\n<p>\u00ab \u2026\/\u2026 je ne suis plus un novice dans ce vaste champ du Seigneur qu\u2019est la pastorale dans l\u2019\u00c9glise, j\u2019ai besoin de chacun d\u2019entre vous pour accomplir au mieux ma nouvelle mission qui vient de m\u2019\u00eatre confi\u00e9e dans cette parcelle du champ du Seigneur qu\u2019est ce beau secteur pastoral de Savigny Viry Bienheureux Marcel Callo. Merci de m\u2019accueillir et merci d\u00e9j\u00e0 pour ce que nous pourrons construire ensemble de beau pendant ces six ans de mon mandat parmi vous. Bien fraternellement en Christ. <\/p>\n\n\n\n<p><\/p>\n<cite>P\u00e8re Gr\u00e9goire Akakpo<\/cite><\/blockquote>\n","protected":false},"excerpt":{"rendered":"<p>Le P\u00e8re Gr\u00e9goire AKAKPO a \u00e9t\u00e9 ordonn\u00e9 pr\u00eatre le 9 ao\u00fbt 1986. Il est arriv\u00e9 au service du dioc\u00e8se d\u2019Evry en 2003. De 2003 \u00e0 2012, il \u00e9tait sur le secteur pastoral de S\u00e9nart Draveil o\u00f9 il a accompagn\u00e9&hellip;<\/p>\n","protected":false},"author":1,"featured_media":0,"comment_status":"open","ping_status":"open","sticky":false,"template":"","format":"standard","meta":{"give_campaign_id":0,"footnotes":""},"categories":[59],"tags":[],"class_list":["post-7897","post","type-post","status-publish","format-standard","hentry","category-actualite"],"_links":{"self":[{"href":"https:\/\/demos.uptitude.fr\/savviry1\/wp-json\/wp\/v2\/posts\/7897","targetHints":{"allow":["GET"]}}],"collection":[{"href":"https:\/\/demos.uptitude.fr\/savviry1\/wp-json\/wp\/v2\/posts"}],"about":[{"href":"https:\/\/demos.uptitude.fr\/savviry1\/wp-json\/wp\/v2\/types\/post"}],"author":[{"embeddable":true,"href":"https:\/\/demos.uptitude.fr\/savviry1\/wp-json\/wp\/v2\/users\/1"}],"replies":[{"embeddable":true,"href":"https:\/\/demos.uptitude.fr\/savviry1\/wp-json\/wp\/v2\/comments?post=7897"}],"version-history":[{"count":1,"href":"https:\/\/demos.uptitude.fr\/savviry1\/wp-json\/wp\/v2\/posts\/7897\/revisions"}],"predecessor-version":[{"id":7898,"href":"https:\/\/demos.uptitude.fr\/savviry1\/wp-json\/wp\/v2\/posts\/7897\/revisions\/7898"}],"wp:attachment":[{"href":"https:\/\/demos.uptitude.fr\/savviry1\/wp-json\/wp\/v2\/media?parent=7897"}],"wp:term":[{"taxonomy":"category","embeddable":true,"href":"https:\/\/demos.uptitude.fr\/savviry1\/wp-json\/wp\/v2\/categories?post=7897"},{"taxonomy":"post_tag","embeddable":true,"href":"https:\/\/demos.uptitude.fr\/savviry1\/wp-json\/wp\/v2\/tags?post=7897"}],"curies":[{"name":"wp","href":"https:\/\/api.w.org\/{rel}","templated":true}]}}