{"id":8443,"date":"2025-09-28T17:14:50","date_gmt":"2025-09-28T15:14:50","guid":{"rendered":"https:\/\/demos.uptitude.fr\/savviry1\/?p=8443"},"modified":"2025-09-28T17:14:53","modified_gmt":"2025-09-28T15:14:53","slug":"un-site-internet-renouvele","status":"publish","type":"post","link":"https:\/\/demos.uptitude.fr\/savviry1\/un-site-internet-renouvele\/","title":{"rendered":"Un site internet renouvel\u00e9 !"},"content":{"rendered":"\n<p>Voici bient\u00f4t deux ans que ce projet a \u00e9t\u00e9 initi\u00e9. Il a pris son essor avec la mise en place de l\u2019\u00e9quipe communication du secteur pastoral sous l\u2019impulsion de l\u2019\u00e9quipe pastorale. La r\u00e9flexion est partie de l\u2019\u00e9valuation des outils de communication existants dans notre secteur pastoral de Savigny-Viry Bienheureux Marcel Callo.<\/p>\n\n\n\n<p>Plusieurs moyens de communication sont mis \u00e0 disposition pour informer nos communaut\u00e9s<br>paroissiales. Les nouveaux venus dans ce domaine sont : Instagram, Facebook, Ecclesia \u2026 Ces<br>derniers viennent compl\u00e9ter les moyens traditionnels sur papier : Les Agendas hebdomadaires, le Fil mensuel, le guide pratique annuel, les affiches et les d\u00e9pliants disponibles aux accueils paroissiaux et sur les pr\u00e9sentoirs des \u00e9glises.<\/p>\n\n\n\n<p>Le Site Internet occupe une place importante dans ce dispositif. Il peut facilement mettre en lien ces diff\u00e9rents outils. En outre, il ouvre de mani\u00e8re permanente l\u2019information sur les r\u00e9alit\u00e9s pastorales et culturelles adapt\u00e9es pour la mission d\u2019annonce de l\u2019\u00e9vangile qui nous est confi\u00e9e. Ne pas perdre de vue que c\u2019est notre mission principale. Un des buts pratiques vis\u00e9 est de trouver facilement l\u2019information recherch\u00e9e. L\u2019id\u00e9al \u00e9tant d\u2019avoir deux clics maximum pour acc\u00e9der \u00e0 l\u2019information, allez, disons trois maximum pour rester modeste. Il sera facile de trouver les horaires des messes et des permanences d\u2019accueil, les renseignements pour les sacrements notamment (bapt\u00eame, mariage \u2026), les plus demand\u00e9s.<\/p>\n\n\n\n<p>Nous souhaitons que l\u2019information circule dans le secteur pastorale de mani\u00e8re responsable \u00e0 l\u2019image d\u2019un r\u00e9seau, d\u2019une toile suivant la d\u00e9finition primitive du Net. Le contenu doit donc \u00eatre nourri par la contribution de plusieurs sources : de l\u2019\u00e9quipe communication aux diff\u00e9rents services, mouvements et paroisses, mais aussi des paroisses, mouvements et services vers l\u2019\u00e9quipe communication. Un tel mouvement, pour r\u00e9ussir, n\u00e9cessite que chaque entit\u00e9 se soucie de communiquer en faisant remonter des informations sur les \u00e9v\u00e9nements v\u00e9cus. Tenir une ouverture \u00e0 l\u2019\u00c9glise dioc\u00e9saine et universelle, avec un \u0153il attentif sur l\u2019actualit\u00e9. <\/p>\n\n\n\n<p>Se poser la question au sein de chaque service et mouvement : avons-nous d\u00e9sign\u00e9 un monsieur ou une madame, ou une mademoiselle communication ? si oui, avons-nous un plan, un calendrier tenu \u00e0 jour pour informer de l\u2019essentiel et du n\u00e9cessaire utile v\u00e9cu ? Si non, il est urgent de le faire ! En tout cas, l\u2019\u00e9quipe n\u2019h\u00e9sitera pas de vous solliciter pour faire remonter des informations, merci d\u2019avance de l\u2019accueil, soyez r\u00e9actifs.<\/p>\n\n\n\n<p>Nous esp\u00e9rons que cette nouvelle mouture et pr\u00e9sentation du Site Internet du secteur, pratique et plus a\u00e9r\u00e9e que la pr\u00e9c\u00e9dente, vous motivera \u00e0 participer \u00e0 cette toile de communication. Le jeu en vaut la chandelle.<br><\/p>\n\n\n\n<p>Je remercie l\u2019\u00e9quipe communication sous l\u2019impulsion de Joseph, Bertrand et Brigitte qui ont donn\u00e9 du temps pour relever le d\u00e9fi.<\/p>\n\n\n\n<p>Bonne visite !<br>P\u00e8re Emmanuel BIDZOGO<br>Responsable du secteur pastoral<\/p>\n","protected":false},"excerpt":{"rendered":"<p>Voici bient\u00f4t deux ans que ce projet a \u00e9t\u00e9 initi\u00e9. Il a pris son essor avec la mise en place de l\u2019\u00e9quipe communication du secteur pastoral sous l\u2019impulsion de l\u2019\u00e9quipe pastorale. La r\u00e9flexion est partie de l\u2019\u00e9valuation des outils&hellip;<\/p>\n","protected":false},"author":1,"featured_media":0,"comment_status":"open","ping_status":"open","sticky":false,"template":"","format":"standard","meta":{"give_campaign_id":0,"footnotes":""},"categories":[77],"tags":[],"class_list":["post-8443","post","type-post","status-publish","format-standard","hentry","category-editorrial"],"_links":{"self":[{"href":"https:\/\/demos.uptitude.fr\/savviry1\/wp-json\/wp\/v2\/posts\/8443","targetHints":{"allow":["GET"]}}],"collection":[{"href":"https:\/\/demos.uptitude.fr\/savviry1\/wp-json\/wp\/v2\/posts"}],"about":[{"href":"https:\/\/demos.uptitude.fr\/savviry1\/wp-json\/wp\/v2\/types\/post"}],"author":[{"embeddable":true,"href":"https:\/\/demos.uptitude.fr\/savviry1\/wp-json\/wp\/v2\/users\/1"}],"replies":[{"embeddable":true,"href":"https:\/\/demos.uptitude.fr\/savviry1\/wp-json\/wp\/v2\/comments?post=8443"}],"version-history":[{"count":1,"href":"https:\/\/demos.uptitude.fr\/savviry1\/wp-json\/wp\/v2\/posts\/8443\/revisions"}],"predecessor-version":[{"id":8444,"href":"https:\/\/demos.uptitude.fr\/savviry1\/wp-json\/wp\/v2\/posts\/8443\/revisions\/8444"}],"wp:attachment":[{"href":"https:\/\/demos.uptitude.fr\/savviry1\/wp-json\/wp\/v2\/media?parent=8443"}],"wp:term":[{"taxonomy":"category","embeddable":true,"href":"https:\/\/demos.uptitude.fr\/savviry1\/wp-json\/wp\/v2\/categories?post=8443"},{"taxonomy":"post_tag","embeddable":true,"href":"https:\/\/demos.uptitude.fr\/savviry1\/wp-json\/wp\/v2\/tags?post=8443"}],"curies":[{"name":"wp","href":"https:\/\/api.w.org\/{rel}","templated":true}]}}