{"id":846,"date":"2017-06-09T19:01:22","date_gmt":"2017-06-09T19:01:22","guid":{"rendered":"http:\/\/www.savigny-viry-catholique.fr\/?p=846"},"modified":"2017-06-09T19:01:22","modified_gmt":"2017-06-09T19:01:22","slug":"confirmation-adultes-3-juin","status":"publish","type":"post","link":"https:\/\/demos.uptitude.fr\/savviry1\/confirmation-adultes-3-juin\/","title":{"rendered":"Confirmation des adultes le 3 juin"},"content":{"rendered":"<p><span style=\"font-family: verdana,geneva,sans-serif;font-size: 16px\">Parmi les 300 adultes, confirm\u00e9s le samedi 3 juin \u00e0 la Cath\u00e9drale de la R\u00e9surrection \u00e0 Evry, se trouvaient 15 personnes\u00a0du secteur pastoral de Savigny-Viry.<\/span><\/p>\n<p><span style=\"font-family: verdana,geneva,sans-serif;font-size: 16px\">A ce sujet Mgr Dubost, notre \u00e9v\u00eaque, \u00e9crit dans son billet du lundi :<\/span><\/p>\n<p><span style=\"font-family: verdana,geneva,sans-serif;font-size: 16px\">\u00a0\u00bb\u00a0<strong>Attention\u00a0! Au risque de l\u2019Esprit-Saint<\/strong><\/span><\/p>\n<p><span style=\"font-family: verdana,geneva,sans-serif;font-size: 16px\"><em>Pentec\u00f4te 2017\u2026<\/em><\/span><br class=\"autobr\" \/><span style=\"font-family: verdana,geneva,sans-serif;font-size: 16px\"><em>Sur plus de 300 fronts d\u2019adultes une croix a \u00e9t\u00e9 dessin\u00e9e,<\/em><\/span><br class=\"autobr\" \/><span style=\"font-family: verdana,geneva,sans-serif;font-size: 16px\"><em>une parole a \u00e9t\u00e9 dite\u00a0:<\/em><\/span><br class=\"autobr\" \/><span style=\"font-family: verdana,geneva,sans-serif;font-size: 16px\"><em>\u00ab\u00a0Sois marqu\u00e9 par l\u2019Esprit-Saint, le don de Dieu.\u00a0\u00bb<\/em><\/span><\/p>\n<p><span style=\"font-family: verdana,geneva,sans-serif;font-size: 16px\"><em>Mots, gestes devenus pratiquement insignifiants\u00a0!<\/em><\/span><br class=\"autobr\" \/><span style=\"font-family: verdana,geneva,sans-serif;font-size: 16px\"><em>Au temps du Christ, \u00eatre marqu\u00e9 c\u2019est afficher son propri\u00e9taire\u00a0:<\/em><\/span><br class=\"autobr\" \/><span style=\"font-family: verdana,geneva,sans-serif;font-size: 16px\"><em>les animaux \u00e9taient marqu\u00e9s au front<\/em><\/span><br class=\"autobr\" \/><span style=\"font-family: verdana,geneva,sans-serif;font-size: 16px\"><em>et les esclaves aussi.<\/em><\/span><\/p>\n<p><span style=\"font-family: verdana,geneva,sans-serif;font-size: 16px\"><em>Paul, l\u2019homme libre par excellence,<\/em><\/span><br class=\"autobr\" \/><span style=\"font-family: verdana,geneva,sans-serif;font-size: 16px\"><em>revendique de porter la marque de J\u00e9sus\u2026<\/em><\/span><br class=\"autobr\" \/><span style=\"font-family: verdana,geneva,sans-serif;font-size: 16px\"><em>Pendant trois si\u00e8cles, \u00eatre marqu\u00e9 comme chr\u00e9tien<\/em><\/span><br class=\"autobr\" \/><span style=\"font-family: verdana,geneva,sans-serif;font-size: 16px\"><em>affirmait\u00a0: s\u2019il le faut, je suis candidat au martyre.<\/em><\/span><br class=\"autobr\" \/><span style=\"font-family: verdana,geneva,sans-serif;font-size: 16px\"><em>Et il en est encore ainsi dans plusieurs pays.<\/em><\/span><\/p>\n<p><span style=\"font-family: verdana,geneva,sans-serif;font-size: 16px\"><em>L\u2019onction d\u2019huile ne peut se voir physiquement que quelques instants<\/em><\/span><br class=\"autobr\" \/><span style=\"font-family: verdana,geneva,sans-serif;font-size: 16px\"><em>mais elle est signe pour celui qui la re\u00e7oit<\/em><\/span><br class=\"autobr\" \/><span style=\"font-family: verdana,geneva,sans-serif;font-size: 16px\"><em>d\u2019une acceptation de se laisser imbiber par l\u2019Esprit<\/em><\/span><br class=\"autobr\" \/><span style=\"font-family: verdana,geneva,sans-serif;font-size: 16px\"><em>\u00e0 chaque instant. D\u2019\u00eatre proph\u00e8te du Christ.<\/em><\/span><br class=\"autobr\" \/><span style=\"font-family: verdana,geneva,sans-serif;font-size: 16px\"><em>L\u2019Esprit nous est envoy\u00e9 par le Christ (Jn 15. 26)<\/em><\/span><br class=\"autobr\" \/><span style=\"font-family: verdana,geneva,sans-serif;font-size: 16px\"><em>et il nous conduit \u00e0 d\u00e9couvrir le Christ (Jn 16. 13-14)<\/em><\/span><br class=\"autobr\" \/><span style=\"font-family: verdana,geneva,sans-serif;font-size: 16px\"><em>au point de nous permettre de nous identifier \u00e0 lui.<\/em><\/span><\/p>\n<p><span style=\"font-family: verdana,geneva,sans-serif;font-size: 16px\"><em>\u00c0 \u00eatre d\u2019autres Christ \u2013vivant en Dieu-<\/em><\/span><br class=\"autobr\" \/><span style=\"font-family: verdana,geneva,sans-serif;font-size: 16px\"><em>et agissant en fr\u00e8re universel.<\/em><\/span><\/p>\n<p><span style=\"font-family: verdana,geneva,sans-serif;font-size: 16px\"><em>C\u2019est \u00e9videmment risqu\u00e9.<\/em><\/span><\/p>\n<p><span style=\"font-size: 16px\"><strong><span style=\"font-family: verdana,geneva,sans-serif\">\u2020 Mgr Michel Dubost<\/span><\/strong><\/span><br class=\"manualbr\" \/><span style=\"font-size: 16px\"><strong><span style=\"font-family: verdana,geneva,sans-serif\">\u00c9v\u00eaque d\u2019\u00c9vry \u2013 Corbeil-Essonnes<\/span><\/strong><\/span><br class=\"manualbr\" \/><span style=\"font-size: 16px\"><strong><span style=\"font-family: verdana,geneva,sans-serif\">5 juin 2017 \u00a0\u00bb<\/span><\/strong><\/span><\/p>\n<p><span style=\"font-family: verdana,geneva,sans-serif;font-size: 16px\">Retour en images :<\/span><\/p>\n<p><a href=\"https:\/\/evry.catholique.fr\/Confirmations-des-Adultes-par-Mgr-Dubostsamedi-3-juin-2017-a-la\" target=\"_blank\" rel=\"noopener noreferrer\">https:\/\/evry.catholique.fr\/Confirmations-des-Adultes-par-Mgr-Dubostsamedi-3-juin-2017-a-la<\/a><\/p>\n","protected":false},"excerpt":{"rendered":"<p>Parmi les 300 adultes, confirm\u00e9s le samedi 3 juin \u00e0 la Cath\u00e9drale de la R\u00e9surrection \u00e0 Evry, se trouvaient 15 personnes\u00a0du secteur pastoral de Savigny-Viry. A ce sujet Mgr Dubost, notre \u00e9v\u00eaque, \u00e9crit dans son billet du lundi :&hellip;<\/p>\n","protected":false},"author":990003,"featured_media":847,"comment_status":"closed","ping_status":"closed","sticky":false,"template":"","format":"standard","meta":{"give_campaign_id":0,"footnotes":""},"categories":[1],"tags":[],"class_list":["post-846","post","type-post","status-publish","format-standard","has-post-thumbnail","hentry","category-uncategorized"],"_links":{"self":[{"href":"https:\/\/demos.uptitude.fr\/savviry1\/wp-json\/wp\/v2\/posts\/846","targetHints":{"allow":["GET"]}}],"collection":[{"href":"https:\/\/demos.uptitude.fr\/savviry1\/wp-json\/wp\/v2\/posts"}],"about":[{"href":"https:\/\/demos.uptitude.fr\/savviry1\/wp-json\/wp\/v2\/types\/post"}],"author":[{"embeddable":true,"href":"https:\/\/demos.uptitude.fr\/savviry1\/wp-json\/wp\/v2\/users\/990003"}],"replies":[{"embeddable":true,"href":"https:\/\/demos.uptitude.fr\/savviry1\/wp-json\/wp\/v2\/comments?post=846"}],"version-history":[{"count":0,"href":"https:\/\/demos.uptitude.fr\/savviry1\/wp-json\/wp\/v2\/posts\/846\/revisions"}],"wp:featuredmedia":[{"embeddable":true,"href":"https:\/\/demos.uptitude.fr\/savviry1\/wp-json\/"}],"wp:attachment":[{"href":"https:\/\/demos.uptitude.fr\/savviry1\/wp-json\/wp\/v2\/media?parent=846"}],"wp:term":[{"taxonomy":"category","embeddable":true,"href":"https:\/\/demos.uptitude.fr\/savviry1\/wp-json\/wp\/v2\/categories?post=846"},{"taxonomy":"post_tag","embeddable":true,"href":"https:\/\/demos.uptitude.fr\/savviry1\/wp-json\/wp\/v2\/tags?post=846"}],"curies":[{"name":"wp","href":"https:\/\/api.w.org\/{rel}","templated":true}]}}