{"id":903,"date":"2017-06-18T00:14:26","date_gmt":"2017-06-18T00:14:26","guid":{"rendered":"http:\/\/www.savigny-viry-catholique.fr\/?p=903"},"modified":"2017-06-18T00:14:26","modified_gmt":"2017-06-18T00:14:26","slug":"groupe-st-martin-a-fete-90-ans","status":"publish","type":"post","link":"https:\/\/demos.uptitude.fr\/savviry1\/groupe-st-martin-a-fete-90-ans\/","title":{"rendered":"Le Groupe St Martin a f\u00eat\u00e9 ses 90 ans"},"content":{"rendered":"<p>Les<strong> Scouts et Guides de France<\/strong> de Savigny ont f\u00eat\u00e9,les 10 et 11 juin derniers, les 90 ans du Groupe St Martin, au parc Andr\u00e9 Seron. Animation pour petits et grands tout au long de la journ\u00e9e; retrouvailles des anciens ; chacun arborait un badge o\u00f9 il avait inscrit l&rsquo;ann\u00e9e de sa rentr\u00e9e dans le Scoutisme. Des plus jeunes aux plus anciens, la famille Scoute \u00e9tait rassembl\u00e9e,et quelque soit son age, \u00eatre ou avoir \u00e9t\u00e9 Scout ou Guide, c&rsquo;est pour la vie !<\/p>\n<p>Un tajine g\u00e9ant cuisait doucement en attendant l&rsquo;heure de l&rsquo;ap\u00e9ro et du d\u00eener; La veill\u00e9e, avec le groupe \u00ab\u00a0Amplitude\u00a0\u00bb a \u00e9t\u00e9 truff\u00e9e de trouvailles fort sympathiques ; chants et musique ont c\u00e9l\u00e9br\u00e9 \u00a0cet heureux anniversaire avec un g\u00e2teau en forme de Croix scoute.<\/p>\n<p>Le lendemain , dimanche, messe \u00e0 11h 00 \u00e0 l&rsquo;\u00e9glise Ste Th\u00e9r\u00e8se pr\u00e9sid\u00e9e par notre \u00e9v\u00eaque Mgr Dubost.et anim\u00e9 par le groupe \u00ab\u00a0Amplitude\u00a0\u00bb. A l&rsquo;issue de la c\u00e9l\u00e9bration, le pot de l&rsquo;amiti\u00e9 a r\u00e9unis Scouts et paroissiens souhaitant une longue vie au Groupe ST Martin.<\/p>\n<p><a href=\"http:\/\/www.dailymotion.com\/video\/x5r0zqw\">: \u00a0http:\/\/www.dailymotion.com\/video\/x5r0zqw<\/a>\u00a0:<img fetchpriority=\"high\" decoding=\"async\" class=\"size-medium wp-image-904 alignleft\" src=\"http:\/\/www.savigny-viry-catholique.fr\/wp-content\/uploads\/2017\/06\/20170610_210118-300x169.jpg\" alt=\"\" width=\"300\" height=\"169\" \/><\/p>\n","protected":false},"excerpt":{"rendered":"<p>Les Scouts et Guides de France de Savigny ont f\u00eat\u00e9,les 10 et 11 juin derniers, les 90 ans du Groupe St Martin, au parc Andr\u00e9 Seron. Animation pour petits et grands tout au long de la journ\u00e9e; retrouvailles des&hellip;<\/p>\n","protected":false},"author":990003,"featured_media":905,"comment_status":"closed","ping_status":"closed","sticky":false,"template":"","format":"standard","meta":{"give_campaign_id":0,"footnotes":""},"categories":[1],"tags":[],"class_list":["post-903","post","type-post","status-publish","format-standard","has-post-thumbnail","hentry","category-uncategorized"],"_links":{"self":[{"href":"https:\/\/demos.uptitude.fr\/savviry1\/wp-json\/wp\/v2\/posts\/903","targetHints":{"allow":["GET"]}}],"collection":[{"href":"https:\/\/demos.uptitude.fr\/savviry1\/wp-json\/wp\/v2\/posts"}],"about":[{"href":"https:\/\/demos.uptitude.fr\/savviry1\/wp-json\/wp\/v2\/types\/post"}],"author":[{"embeddable":true,"href":"https:\/\/demos.uptitude.fr\/savviry1\/wp-json\/wp\/v2\/users\/990003"}],"replies":[{"embeddable":true,"href":"https:\/\/demos.uptitude.fr\/savviry1\/wp-json\/wp\/v2\/comments?post=903"}],"version-history":[{"count":0,"href":"https:\/\/demos.uptitude.fr\/savviry1\/wp-json\/wp\/v2\/posts\/903\/revisions"}],"wp:featuredmedia":[{"embeddable":true,"href":"https:\/\/demos.uptitude.fr\/savviry1\/wp-json\/"}],"wp:attachment":[{"href":"https:\/\/demos.uptitude.fr\/savviry1\/wp-json\/wp\/v2\/media?parent=903"}],"wp:term":[{"taxonomy":"category","embeddable":true,"href":"https:\/\/demos.uptitude.fr\/savviry1\/wp-json\/wp\/v2\/categories?post=903"},{"taxonomy":"post_tag","embeddable":true,"href":"https:\/\/demos.uptitude.fr\/savviry1\/wp-json\/wp\/v2\/tags?post=903"}],"curies":[{"name":"wp","href":"https:\/\/api.w.org\/{rel}","templated":true}]}}