{"id":975,"date":"2017-06-26T21:46:48","date_gmt":"2017-06-26T21:46:48","guid":{"rendered":"http:\/\/www.savigny-viry-catholique.fr\/?p=975"},"modified":"2017-06-26T21:46:48","modified_gmt":"2017-06-26T21:46:48","slug":"paroisse-en-fete","status":"publish","type":"post","link":"https:\/\/demos.uptitude.fr\/savviry1\/paroisse-en-fete\/","title":{"rendered":"Paroisse en f\u00eate"},"content":{"rendered":"<p><span style=\"color: #0000ff;\"><strong>Samedi 24 juin 2017<\/strong><\/span>, l&rsquo;\u00e9glise ND d&rsquo;Esp\u00e9rance de Savigny \u00e9tait en \u00ab\u00a0\u00e9bullition\u00a0\u00bb car s&rsquo;y d\u00e9roulait la traditionnelle f\u00eate de fin d&rsquo;ann\u00e9e avec tous les enfants du cat\u00e9chisme, les jeunes de l&rsquo;aum\u00f4nerie, les parents et l&rsquo;ensemble de la communaut\u00e9 paroissiale.<\/p>\n<p>Lors de la messe des familles, dix enfants d&rsquo;\u00e2ge scolaire ont fait leur premi\u00e8re \u00e9tape vers le Bapt\u00eame.<\/p>\n<p>Apr\u00e8s la messe, ap\u00e9ritif et barbecue, repas partag\u00e9 sur la pelouse ont permis de se retrouver et de respirer l&rsquo;air du soir.<\/p>\n<p>La veill\u00e9e s&rsquo;est poursuivie avec des chants interpr\u00e9t\u00e9s par chaque groupe de \u00a0\u00ab\u00a0cat\u00e9\u00a0\u00bb et d&rsquo;aum\u00f4nerie, accompagn\u00e9s par l&rsquo;orchestre de Laurent et Babeth. Antoine a jou\u00e9 les \u00ab\u00a0Monsieur Loyal\u00a0\u00bb .<span style=\"color: #000000;\"> Une soir\u00e9e,<\/span><span style=\"color: #000000;\">pleine de vie et de joie, chant\u00e9e \u00e0 plein poumon et comme l&rsquo;a r\u00e9p\u00e9t\u00e9 le P\u00e8re Thierry :\u00a0<\/span><span style=\"color: #000000;\">\u00ab\u00a0Chanter , c&rsquo;est prier deux fois\u00a0\u00bb !!<\/span><\/p>\n<p>Rendez vous l&rsquo;an prochain !<\/p>\n<p>Un petit aper\u00e7u dans la vid\u00e9o ci-jointe<\/p>\n<div style=\"width: 320px;\" class=\"wp-video\"><video class=\"wp-video-shortcode\" id=\"video-975-1\" width=\"320\" height=\"240\" loop autoplay preload=\"metadata\" controls=\"controls\"><source type=\"video\/mp4\" src=\"http:\/\/www.savigny-viry-catholique.fr\/wp-content\/uploads\/2017\/06\/Paroisse-en-f\u00eate-juin2017.mp4?_=1\" \/><a href=\"http:\/\/www.savigny-viry-catholique.fr\/wp-content\/uploads\/2017\/06\/Paroisse-en-f\u00eate-juin2017.mp4\">http:\/\/www.savigny-viry-catholique.fr\/wp-content\/uploads\/2017\/06\/Paroisse-en-f\u00eate-juin2017.mp4<\/a><\/video><\/div>\n","protected":false},"excerpt":{"rendered":"<p>Samedi 24 juin 2017, l&rsquo;\u00e9glise ND d&rsquo;Esp\u00e9rance de Savigny \u00e9tait en \u00ab\u00a0\u00e9bullition\u00a0\u00bb car s&rsquo;y d\u00e9roulait la traditionnelle f\u00eate de fin d&rsquo;ann\u00e9e avec tous les enfants du cat\u00e9chisme, les jeunes de l&rsquo;aum\u00f4nerie, les parents et l&rsquo;ensemble de la communaut\u00e9 paroissiale.&hellip;<\/p>\n","protected":false},"author":990003,"featured_media":984,"comment_status":"closed","ping_status":"closed","sticky":false,"template":"","format":"standard","meta":{"give_campaign_id":0,"footnotes":""},"categories":[1],"tags":[39,40,46,47],"class_list":["post-975","post","type-post","status-publish","format-standard","has-post-thumbnail","hentry","category-uncategorized","tag-chants","tag-fete","tag-paroisse","tag-voix"],"_links":{"self":[{"href":"https:\/\/demos.uptitude.fr\/savviry1\/wp-json\/wp\/v2\/posts\/975","targetHints":{"allow":["GET"]}}],"collection":[{"href":"https:\/\/demos.uptitude.fr\/savviry1\/wp-json\/wp\/v2\/posts"}],"about":[{"href":"https:\/\/demos.uptitude.fr\/savviry1\/wp-json\/wp\/v2\/types\/post"}],"author":[{"embeddable":true,"href":"https:\/\/demos.uptitude.fr\/savviry1\/wp-json\/wp\/v2\/users\/990003"}],"replies":[{"embeddable":true,"href":"https:\/\/demos.uptitude.fr\/savviry1\/wp-json\/wp\/v2\/comments?post=975"}],"version-history":[{"count":0,"href":"https:\/\/demos.uptitude.fr\/savviry1\/wp-json\/wp\/v2\/posts\/975\/revisions"}],"wp:featuredmedia":[{"embeddable":true,"href":"https:\/\/demos.uptitude.fr\/savviry1\/wp-json\/"}],"wp:attachment":[{"href":"https:\/\/demos.uptitude.fr\/savviry1\/wp-json\/wp\/v2\/media?parent=975"}],"wp:term":[{"taxonomy":"category","embeddable":true,"href":"https:\/\/demos.uptitude.fr\/savviry1\/wp-json\/wp\/v2\/categories?post=975"},{"taxonomy":"post_tag","embeddable":true,"href":"https:\/\/demos.uptitude.fr\/savviry1\/wp-json\/wp\/v2\/tags?post=975"}],"curies":[{"name":"wp","href":"https:\/\/api.w.org\/{rel}","templated":true}]}}